{"id":10426,"date":"2025-02-24T17:31:55","date_gmt":"2025-02-24T16:31:55","guid":{"rendered":"https:\/\/iumotril.org\/sitio\/?p=10426"},"modified":"2025-02-24T17:40:15","modified_gmt":"2025-02-24T16:40:15","slug":"iu-verdes-equo-critica-la-gestion-del-gobierno-local-de-garcia-chamorro-reduciendo-a-minimos-los-servicios-publicos-municipales","status":"publish","type":"post","link":"https:\/\/iumotril.org\/sitio\/iu-verdes-equo-critica-la-gestion-del-gobierno-local-de-garcia-chamorro-reduciendo-a-minimos-los-servicios-publicos-municipales\/","title":{"rendered":"IU Verdes Equo critica la gesti\u00f3n del gobierno local de Garc\u00eda Chamorro que est\u00e1 reduciendo a m\u00ednimos los servicios p\u00fablicos municipales"},"content":{"rendered":"<h3><span style=\"color: #993300;\">IU-Equo denuncia que el gobierno de Garcia Chamorro va a iniciar los<\/span><br \/>\n<span style=\"color: #993300;\">tr\u00e1mites para pasar a manos privadas servicio de porter\u00eda\/consejer\u00eda en las<\/span><br \/>\n<span style=\"color: #993300;\">instalaciones de los Centro P\u00fablicos Municipales de Educaci\u00f3n Infantil y Primaria,<\/span><br \/>\n<span style=\"color: #993300;\">as\u00ed como la prestaci\u00f3n del servicio de consejer\u00eda, auxiliar de informaci\u00f3n, atenci\u00f3n al<\/span><br \/>\n<span style=\"color: #993300;\">p\u00fablico y control de acceso en edificios de titularidad municipal adscritos al servicio<\/span><br \/>\n<span style=\"color: #993300;\">de Cultura.<\/span><\/h3>\n<p>La portavoz municipal de IU Verdes Equo, Inma Omiste, ha querido expresar la<br \/>\nprofunda preocupaci\u00f3n y descontento de su grupo pol\u00edtico por el <strong>deterioro y<\/strong><br \/>\n<strong>abandono<\/strong> que han sufrido en los \u00faltimos a\u00f1os los servicios p\u00fablicos del<br \/>\nAyuntamiento. \u201cTodo se debe a una estrategia dise\u00f1ada por el gobierno municipal<br \/>\nde las derechas para desacreditar los servicios p\u00fablicos a todos los niveles y vender<br \/>\nla privatizaci\u00f3n como la soluci\u00f3n a todos los problemas\u201d.<\/p>\n<figure id=\"attachment_10424\" aria-describedby=\"caption-attachment-10424\" style=\"width: 476px\" class=\"wp-caption alignleft\"><img loading=\"lazy\" decoding=\"async\" data-attachment-id=\"10424\" data-permalink=\"https:\/\/iumotril.org\/sitio\/iu-verdes-equo-critica-la-gestion-del-gobierno-local-de-garcia-chamorro-reduciendo-a-minimos-los-servicios-publicos-municipales\/img_0940\/\" data-orig-file=\"https:\/\/iumotril.org\/sitio\/wp-content\/uploads\/2025\/02\/IMG_0940-scaled.jpeg\" data-orig-size=\"2139,2560\" data-comments-opened=\"1\" data-image-meta=\"{&quot;aperture&quot;:&quot;0&quot;,&quot;credit&quot;:&quot;&quot;,&quot;camera&quot;:&quot;&quot;,&quot;caption&quot;:&quot;&quot;,&quot;created_timestamp&quot;:&quot;0&quot;,&quot;copyright&quot;:&quot;&quot;,&quot;focal_length&quot;:&quot;0&quot;,&quot;iso&quot;:&quot;0&quot;,&quot;shutter_speed&quot;:&quot;0&quot;,&quot;title&quot;:&quot;&quot;,&quot;orientation&quot;:&quot;1&quot;}\" data-image-title=\"IMG_0940\" data-image-description=\"\" data-image-caption=\"\" data-large-file=\"https:\/\/iumotril.org\/sitio\/wp-content\/uploads\/2025\/02\/IMG_0940-856x1024.jpeg\" class=\"wp-image-10424 \" src=\"https:\/\/iumotril.org\/sitio\/wp-content\/uploads\/2025\/02\/IMG_0940-856x1024.jpeg\" alt=\"\" width=\"476\" height=\"570\" srcset=\"https:\/\/iumotril.org\/sitio\/wp-content\/uploads\/2025\/02\/IMG_0940-856x1024.jpeg 856w, https:\/\/iumotril.org\/sitio\/wp-content\/uploads\/2025\/02\/IMG_0940-251x300.jpeg 251w, https:\/\/iumotril.org\/sitio\/wp-content\/uploads\/2025\/02\/IMG_0940-768x919.jpeg 768w, https:\/\/iumotril.org\/sitio\/wp-content\/uploads\/2025\/02\/IMG_0940-1284x1536.jpeg 1284w, https:\/\/iumotril.org\/sitio\/wp-content\/uploads\/2025\/02\/IMG_0940-1712x2048.jpeg 1712w\" sizes=\"auto, (max-width: 476px) 100vw, 476px\" \/><figcaption id=\"caption-attachment-10424\" class=\"wp-caption-text\">Ana Herrera e Inma Omiste, concejalas de IU Verdes Equo<\/figcaption><\/figure>\n<p>En los \u00faltimos cinco a\u00f1os se ha producido en la ciudad una situaci\u00f3n de <strong>falta de<\/strong><br \/>\n<strong>servicios e instalaciones<\/strong>, de <strong>cierre de museos<\/strong>, de reducci\u00f3n de horarios en las<br \/>\n<strong>bibliotecas<\/strong>, de cierres de <strong>ludotecas<\/strong>, de <strong>instalaciones deportivas<\/strong>, de dependencias<br \/>\nmunicipales, de reducci\u00f3n del n\u00famero de <strong>escuelas deportivas municipales<\/strong>, y un<br \/>\namplio etc\u00e9tera fundamentalmente motivado por <strong>falta de personal.<\/strong><\/p>\n<p>Esta falta de personal est\u00e1 llegando a afectar hasta el <strong>mantenimiento de los<\/strong><br \/>\n<strong>colegios<\/strong>, donde mayoritariamente no tienen conserje, con la labor fundamental que<br \/>\nestos representan en los centros, igual sucede con los museos de nuestra ciudad.<br \/>\nPero el gobierno de Garc\u00eda Chamorro en lugar de contratar personal decide, una<br \/>\nvez m\u00e1s que <strong>privatizar el servicio<\/strong> es lo mejor.<\/p>\n<p>A pesar de esta situaci\u00f3n de falta de personal se va agravando d\u00eda a d\u00eda, el<br \/>\ngobierno de municipal no est\u00e1 adoptando <strong>ninguna medida para afrontarla<\/strong>, salvo<br \/>\npreparar los pliegos para externalizar servicios, esto es <strong>poner en manos privadas la<\/strong><br \/>\n<strong>mayor\u00eda de los servicios p\u00fablicos.<\/strong> Con el detrimento de la calidad en la prestaci\u00f3n<br \/>\nde estos adem\u00e1s del deterioro de las condiciones laborales-denuncian desde el<br \/>\nGrupo Municipal de IU Verdes Equo.<\/p>\n<p>Venimos reclamando reiteradamente <strong>actuaciones en materia de Recursos Humanos<\/strong><br \/>\nque aborden y den soluciones a los d\u00e9ficits de la plantilla municipal, que se resiente,<br \/>\nfundamentalmente, en puestos vinculados con el <strong>mantenimiento de la ciudad<\/strong> y los<br \/>\n<strong>servicios urbanos<\/strong> y con el <strong>personal de oficios<\/strong>, pero tambi\u00e9n con otros perfiles<br \/>\nprofesionales, como conserjes, administrativos o t\u00e9cnicos municipales.<\/p>\n<p>Reivindicamos lo obvio \u2013 ha enfatizado\u2013: es \u201cnecesario un refuerzo de la plantilla<br \/>\nmunicipal\u201d para <strong>recuperar los servicios p\u00fablicos y su prestaci\u00f3n eficaz<\/strong> \u201cdesde la<br \/>\nperspectiva del <strong>inter\u00e9s general de la ciudadan\u00eda<\/strong>\u201d.<\/p>\n<p>Omiste ha informado que, en el mes de enero la cifra de <strong>paro en Motril<\/strong> era de <strong>4241<\/strong><br \/>\n<strong>personas<\/strong>, un motivo m\u00e1s que suficiente para que desde el Ayuntamiento se hiciera<br \/>\n\u201cun esfuerzo en la <strong>creaci\u00f3n empleo p\u00fablico<\/strong> y de calidad para sus vecinas y sus<br \/>\nvecinos\u201d.<\/p>\n<p>La portavoz de IU-Equo ha reclamado nuevamente a la alcaldesa de Motril que<br \/>\n\u201c<strong>deje de gobernar para la galer\u00eda<\/strong>\u201d, que abandone su campa\u00f1a de <strong>propaganda<\/strong><br \/>\n<strong>permanente<\/strong> y que se ocupe, de una vez por todas, de los problemas reales de sus<br \/>\nvecinos y vecinas y de las necesidades de la ciudad.<\/p>\n","protected":false},"excerpt":{"rendered":"<p>En los \u00faltimos cinco a\u00f1os se ha producido en la ciudad una situaci\u00f3n de falta de<br \/>\nservicios e instalaciones, de cierre de museos, de reducci\u00f3n de horarios en las<br \/>\nbibliotecas, de cierres de ludotecas, de instalaciones deportivas, de dependencias<br \/>\nmunicipales, de reducci\u00f3n del n\u00famero de escuelas deportivas municipales, y un<br \/>\namplio etc\u00e9tera fundamentalmente motivado por falta de personal.<\/p>\n<p>Esta falta de personal est\u00e1 llegando a afectar hasta el mantenimiento de los<br \/>\ncolegios, donde mayoritariamente no tienen conserje, con la labor fundamental que<br \/>\nestos representan en los centros, igual sucede con los museos de nuestra ciudad.<br \/>\nPero el gobierno de Garc\u00eda Chamorro en lugar de contratar personal decide, una<br \/>\nvez m\u00e1s que privatizar el servicio es lo mejor.<\/p>\n<p>A pesar de esta situaci\u00f3n de falta de personal se va agravando d\u00eda a d\u00eda, el<br \/>\ngobierno de municipal no est\u00e1 adoptando ninguna medida para afrontarla, salvo<br \/>\npreparar los pliegos para externalizar servicios, esto es poner en manos privadas la<br \/>\nmayor\u00eda de los servicios p\u00fablicos. Con el detrimento de la calidad en la prestaci\u00f3n<br \/>\nde estos adem\u00e1s del deterioro de las condiciones laborales-denuncian desde el<br \/>\nGrupo Municipal de IU Verdes Equo.<\/p>\n","protected":false},"author":1,"featured_media":10429,"comment_status":"open","ping_status":"open","sticky":false,"template":"","format":"standard","meta":{"cybocfi_hide_featured_image":"","_jetpack_newsletter_access":"","_jetpack_dont_email_post_to_subs":false,"_jetpack_newsletter_tier_id":0,"_jetpack_memberships_contains_paywalled_content":false,"_jetpack_memberships_contains_paid_content":false,"footnotes":""},"categories":[7,265],"tags":[1701,62,234,1890,87,426,928,229],"class_list":["post-10426","post","type-post","status-publish","format-standard","has-post-thumbnail","hentry","category-ayuntamiento","category-esta-pasando","tag-conserjes","tag-cultura","tag-educacion","tag-externalizacion","tag-gestion","tag-privatizaciones","tag-servicios-municipales","tag-servicios-publicos"],"jetpack_featured_media_url":"https:\/\/iumotril.org\/sitio\/wp-content\/uploads\/2025\/02\/Evolucion-economica-de-Motril-2048x1365-1.jpeg","jetpack_sharing_enabled":true,"jetpack_shortlink":"https:\/\/wp.me\/p4QsU5-2Ia","jetpack-related-posts":[{"id":10417,"url":"https:\/\/iumotril.org\/sitio\/iu-verdes-equo-denuncia-la-precariedad-de-los-servicios-municipales-de-motril-como-consecuencia-de-la-gestion-de-la-politica-de-privatizaciones-de-las-derechas\/","url_meta":{"origin":10426,"position":0},"title":"IU Verdes Equo denuncia la precariedad de los servicios municipales de Motril como consecuencia de la gesti\u00f3n de la pol\u00edtica de privatizaciones de las derechas","author":"Izquierda Unida Motril","date":"14 febrero, 2025","format":false,"excerpt":"La concejala de IU Verdes Equo ha denunciado que actualmente la limpieza de los centros recae sobre las pocas trabajadoras que hay en el servicio de limpieza de interiores, unas 40 para cubrir 50 centros grandes y unos 60 peque\u00f1os, \u201cpor lo que a la excesiva sobrecarga de trabajo debemos\u2026","rel":"","context":"En \u00abCiudad\u00bb","block_context":{"text":"Ciudad","link":"https:\/\/iumotril.org\/sitio\/category\/ciudad\/"},"img":{"alt_text":"","src":"https:\/\/i0.wp.com\/iumotril.org\/sitio\/wp-content\/uploads\/2025\/02\/22-14.jpg?resize=350%2C200&ssl=1","width":350,"height":200,"srcset":"https:\/\/i0.wp.com\/iumotril.org\/sitio\/wp-content\/uploads\/2025\/02\/22-14.jpg?resize=350%2C200&ssl=1 1x, https:\/\/i0.wp.com\/iumotril.org\/sitio\/wp-content\/uploads\/2025\/02\/22-14.jpg?resize=525%2C300&ssl=1 1.5x, https:\/\/i0.wp.com\/iumotril.org\/sitio\/wp-content\/uploads\/2025\/02\/22-14.jpg?resize=700%2C400&ssl=1 2x, https:\/\/i0.wp.com\/iumotril.org\/sitio\/wp-content\/uploads\/2025\/02\/22-14.jpg?resize=1050%2C600&ssl=1 3x"},"classes":[]},{"id":10389,"url":"https:\/\/iumotril.org\/sitio\/denunciamos-que-el-gobierno-local-de-motril-continua-desmantelando-los-servicios-publicos-municipales\/","url_meta":{"origin":10426,"position":1},"title":"Denunciamos que el gobierno local de Motril contin\u00faa desmantelando los servicios p\u00fablicos municipales.","author":"Izquierda Unida Motril","date":"20 enero, 2025","format":false,"excerpt":"La direcci\u00f3n del PP y de su presidenta, Luisa Garc\u00eda Chamorro, en el gobierno local siguen en la tarea de acabar con los servicios p\u00fablicos que iniciaron cuando llegaron a la alcald\u00eda. Mientras que la plantilla municipal est\u00e1 bajo m\u00ednimos, con importantes deficiencias en todas las \u00c1reas municipales, el Ayuntamiento\u2026","rel":"","context":"En \u00abCiudad\u00bb","block_context":{"text":"Ciudad","link":"https:\/\/iumotril.org\/sitio\/category\/ciudad\/"},"img":{"alt_text":"","src":"https:\/\/i0.wp.com\/iumotril.org\/sitio\/wp-content\/uploads\/2025\/01\/inma-omiste-618x1024.jpg?resize=350%2C200&ssl=1","width":350,"height":200},"classes":[]},{"id":10582,"url":"https:\/\/iumotril.org\/sitio\/iu-verdes-equo-critica-duramente-las-nuevas-privatizaciones-del-gobierno-de-garcia-chamorro\/","url_meta":{"origin":10426,"position":2},"title":"IU Verdes Equo critica duramente las nuevas privatizaciones del gobierno de Garc\u00eda Chamorro","author":"Izquierda Unida Motril","date":"29 abril, 2025","format":false,"excerpt":"En los \u00faltimos seis a\u00f1os se ha producido en la ciudad una situaci\u00f3n de falta de servicios e instalaciones, de cierre de museos, de reducci\u00f3n de horarios en las bibliotecas, de cierres de ludotecas, de instalaciones deportivas, de dependencias municipales, de reducci\u00f3n del n\u00famero de escuelas deportivas municipales, y un\u2026","rel":"","context":"En \u00abCiudad\u00bb","block_context":{"text":"Ciudad","link":"https:\/\/iumotril.org\/sitio\/category\/ciudad\/"},"img":{"alt_text":"","src":"https:\/\/i0.wp.com\/iumotril.org\/sitio\/wp-content\/uploads\/2025\/04\/09-junio-23-Gobierno-ciudad-1.jpeg?resize=350%2C200&ssl=1","width":350,"height":200,"srcset":"https:\/\/i0.wp.com\/iumotril.org\/sitio\/wp-content\/uploads\/2025\/04\/09-junio-23-Gobierno-ciudad-1.jpeg?resize=350%2C200&ssl=1 1x, https:\/\/i0.wp.com\/iumotril.org\/sitio\/wp-content\/uploads\/2025\/04\/09-junio-23-Gobierno-ciudad-1.jpeg?resize=525%2C300&ssl=1 1.5x, https:\/\/i0.wp.com\/iumotril.org\/sitio\/wp-content\/uploads\/2025\/04\/09-junio-23-Gobierno-ciudad-1.jpeg?resize=700%2C400&ssl=1 2x, https:\/\/i0.wp.com\/iumotril.org\/sitio\/wp-content\/uploads\/2025\/04\/09-junio-23-Gobierno-ciudad-1.jpeg?resize=1050%2C600&ssl=1 3x, https:\/\/i0.wp.com\/iumotril.org\/sitio\/wp-content\/uploads\/2025\/04\/09-junio-23-Gobierno-ciudad-1.jpeg?resize=1400%2C800&ssl=1 4x"},"classes":[]},{"id":8456,"url":"https:\/\/iumotril.org\/sitio\/iu-equo-denuncia-que-el-gobierno-local-de-motril-sigue-desmantelando-servicios-publicos-municipales\/","url_meta":{"origin":10426,"position":3},"title":"IU-Equo denuncia que el gobierno local de Motril sigue desmantelando servicios p\u00fablicos municipales","author":"Izquierda Unida Motril","date":"13 octubre, 2022","format":false,"excerpt":"Mientras que la plantilla est\u00e1 bajo m\u00ednimos, con importantes deficiencias en todas las \u00c1reas municipales, el Ayuntamiento saca a licitaci\u00f3n p\u00fablica la contrataci\u00f3n de servicios de limpieza de espacios p\u00fablicos urbanos, el mantenimiento del alumbrado p\u00fablico y la limpieza del mercado municipal, tres contrataciones que suponen un gasto de 394.417\u2026","rel":"","context":"En \u00abSin categor\u00eda\u00bb","block_context":{"text":"Sin categor\u00eda","link":"https:\/\/iumotril.org\/sitio\/category\/sin-categoria\/"},"img":{"alt_text":"","src":"https:\/\/i0.wp.com\/iumotril.org\/sitio\/wp-content\/uploads\/2022\/10\/PHOTO-2022-10-13-10-08-08.jpg?resize=350%2C200","width":350,"height":200,"srcset":"https:\/\/i0.wp.com\/iumotril.org\/sitio\/wp-content\/uploads\/2022\/10\/PHOTO-2022-10-13-10-08-08.jpg?resize=350%2C200 1x, https:\/\/i0.wp.com\/iumotril.org\/sitio\/wp-content\/uploads\/2022\/10\/PHOTO-2022-10-13-10-08-08.jpg?resize=525%2C300 1.5x, https:\/\/i0.wp.com\/iumotril.org\/sitio\/wp-content\/uploads\/2022\/10\/PHOTO-2022-10-13-10-08-08.jpg?resize=700%2C400 2x"},"classes":[]},{"id":9008,"url":"https:\/\/iumotril.org\/sitio\/iu-equo-deplora-que-el-gobierno-local-rechace-medidas-para-asegurar-el-adecuado-funcionamiento-de-la-residencia-de-personas-mayores-de-san-luis\/","url_meta":{"origin":10426,"position":4},"title":"IU-Equo deplora que el gobierno local rechace medidas para asegurar el adecuado funcionamiento de la Residencia de Personas Mayores de San Luis","author":"Izquierda Unida Motril","date":"4 abril, 2023","format":false,"excerpt":"El gobierno de la se\u00f1ora Garc\u00eda Chamorro se ha desentendido interesadamente de la Residencia para avanzar en la privatizaci\u00f3n del servicio, lo que supondr\u00e1 una merma en la atenci\u00f3n a los residentes y una p\u00e9rdida de derechos para los trabajadores y trabajadoras. IU-Equo rechaza rotundamente la mercantilizaci\u00f3n de los cuidados,\u2026","rel":"","context":"En \u00abAyuntamiento\u00bb","block_context":{"text":"Ayuntamiento","link":"https:\/\/iumotril.org\/sitio\/category\/ayuntamiento\/"},"img":{"alt_text":"","src":"https:\/\/i0.wp.com\/iumotril.org\/sitio\/wp-content\/uploads\/2023\/04\/Inmna-Torres-y-Luisa-Imagen-de-Ahora-Costa.jpg?resize=350%2C200&ssl=1","width":350,"height":200,"srcset":"https:\/\/i0.wp.com\/iumotril.org\/sitio\/wp-content\/uploads\/2023\/04\/Inmna-Torres-y-Luisa-Imagen-de-Ahora-Costa.jpg?resize=350%2C200&ssl=1 1x, https:\/\/i0.wp.com\/iumotril.org\/sitio\/wp-content\/uploads\/2023\/04\/Inmna-Torres-y-Luisa-Imagen-de-Ahora-Costa.jpg?resize=525%2C300&ssl=1 1.5x, https:\/\/i0.wp.com\/iumotril.org\/sitio\/wp-content\/uploads\/2023\/04\/Inmna-Torres-y-Luisa-Imagen-de-Ahora-Costa.jpg?resize=700%2C400&ssl=1 2x, https:\/\/i0.wp.com\/iumotril.org\/sitio\/wp-content\/uploads\/2023\/04\/Inmna-Torres-y-Luisa-Imagen-de-Ahora-Costa.jpg?resize=1050%2C600&ssl=1 3x, https:\/\/i0.wp.com\/iumotril.org\/sitio\/wp-content\/uploads\/2023\/04\/Inmna-Torres-y-Luisa-Imagen-de-Ahora-Costa.jpg?resize=1400%2C800&ssl=1 4x"},"classes":[]},{"id":9476,"url":"https:\/\/iumotril.org\/sitio\/iu-verdes-equo-denuncia-la-situacion-de-abandono-generalizado-en-la-limpieza-mantenimiento-y-conservacion-de-la-ciudad\/","url_meta":{"origin":10426,"position":5},"title":"IU Verdes Equo denuncia la situaci\u00f3n de abandono generalizado en la limpieza, mantenimiento y conservaci\u00f3n de la ciudad","author":"Izquierda Unida Motril","date":"12 octubre, 2023","format":false,"excerpt":"Inma Omiste ha afirmado en declaraciones a los medios que la \u201cpol\u00edtica de tierra quemada\u201d del PP y del se\u00f1or Esc\u00e1mez ha dejado los servicios municipales bajo m\u00ednimos. No hay operarios municipales, no hay jardineros, no hay conserjes para atender museos y dependencias municipales, ni personal de mantenimiento, porque las\u2026","rel":"","context":"En \u00abdenuncia\u00bb","block_context":{"text":"denuncia","link":"https:\/\/iumotril.org\/sitio\/category\/denuncia\/"},"img":{"alt_text":"","src":"https:\/\/i0.wp.com\/iumotril.org\/sitio\/wp-content\/uploads\/2023\/10\/Carriles-bici.jpg?resize=350%2C200&ssl=1","width":350,"height":200,"srcset":"https:\/\/i0.wp.com\/iumotril.org\/sitio\/wp-content\/uploads\/2023\/10\/Carriles-bici.jpg?resize=350%2C200&ssl=1 1x, https:\/\/i0.wp.com\/iumotril.org\/sitio\/wp-content\/uploads\/2023\/10\/Carriles-bici.jpg?resize=525%2C300&ssl=1 1.5x, https:\/\/i0.wp.com\/iumotril.org\/sitio\/wp-content\/uploads\/2023\/10\/Carriles-bici.jpg?resize=700%2C400&ssl=1 2x, https:\/\/i0.wp.com\/iumotril.org\/sitio\/wp-content\/uploads\/2023\/10\/Carriles-bici.jpg?resize=1050%2C600&ssl=1 3x, https:\/\/i0.wp.com\/iumotril.org\/sitio\/wp-content\/uploads\/2023\/10\/Carriles-bici.jpg?resize=1400%2C800&ssl=1 4x"},"classes":[]}],"jetpack_likes_enabled":true,"_links":{"self":[{"href":"https:\/\/iumotril.org\/sitio\/wp-json\/wp\/v2\/posts\/10426","targetHints":{"allow":["GET"]}}],"collection":[{"href":"https:\/\/iumotril.org\/sitio\/wp-json\/wp\/v2\/posts"}],"about":[{"href":"https:\/\/iumotril.org\/sitio\/wp-json\/wp\/v2\/types\/post"}],"author":[{"embeddable":true,"href":"https:\/\/iumotril.org\/sitio\/wp-json\/wp\/v2\/users\/1"}],"replies":[{"embeddable":true,"href":"https:\/\/iumotril.org\/sitio\/wp-json\/wp\/v2\/comments?post=10426"}],"version-history":[{"count":8,"href":"https:\/\/iumotril.org\/sitio\/wp-json\/wp\/v2\/posts\/10426\/revisions"}],"predecessor-version":[{"id":10435,"href":"https:\/\/iumotril.org\/sitio\/wp-json\/wp\/v2\/posts\/10426\/revisions\/10435"}],"wp:featuredmedia":[{"embeddable":true,"href":"https:\/\/iumotril.org\/sitio\/wp-json\/wp\/v2\/media\/10429"}],"wp:attachment":[{"href":"https:\/\/iumotril.org\/sitio\/wp-json\/wp\/v2\/media?parent=10426"}],"wp:term":[{"taxonomy":"category","embeddable":true,"href":"https:\/\/iumotril.org\/sitio\/wp-json\/wp\/v2\/categories?post=10426"},{"taxonomy":"post_tag","embeddable":true,"href":"https:\/\/iumotril.org\/sitio\/wp-json\/wp\/v2\/tags?post=10426"}],"curies":[{"name":"wp","href":"https:\/\/api.w.org\/{rel}","templated":true}]}}