{"id":10417,"date":"2025-02-14T13:16:54","date_gmt":"2025-02-14T12:16:54","guid":{"rendered":"https:\/\/iumotril.org\/sitio\/?p=10417"},"modified":"2025-02-14T13:16:54","modified_gmt":"2025-02-14T12:16:54","slug":"iu-verdes-equo-denuncia-la-precariedad-de-los-servicios-municipales-de-motril-como-consecuencia-de-la-gestion-de-la-politica-de-privatizaciones-de-las-derechas","status":"publish","type":"post","link":"https:\/\/iumotril.org\/sitio\/iu-verdes-equo-denuncia-la-precariedad-de-los-servicios-municipales-de-motril-como-consecuencia-de-la-gestion-de-la-politica-de-privatizaciones-de-las-derechas\/","title":{"rendered":"IU Verdes Equo denuncia la precariedad de los servicios municipales de Motril como consecuencia de la gesti\u00f3n de la pol\u00edtica de privatizaciones de las derechas"},"content":{"rendered":"<h3><span style=\"color: #993300;\">En los cinco a\u00f1os de gobierno de las derechas el deterioro de los servicios<\/span><br \/>\n<span style=\"color: #993300;\">municipales est\u00e1 alcanzando niveles escandalosos, nunca antes conocidos\u201d<\/span><\/h3>\n<p>La portavoz municipal de IU Verdes Equo, Inma Omiste, ha denunciado la<br \/>\nprecariedad\u00a0 de los servicios municipales de la ciudad como consecuencia de la<br \/>\npol\u00edtica de privatizaciones del gobierno municipal, deteriorando los servicios p\u00fablicos<br \/>\npara v<strong>ender la privatizaci\u00f3n<\/strong> de estos como la soluci\u00f3n a los problemas.<\/p>\n<p>\u201cLas prioridades del gobierno de Garc\u00eda Chamorro est\u00e1n orientadas a intereses que<br \/>\nnada tienen que ver con las <strong>necesidades reales de la ciudad<\/strong>, de los vecinos y<br \/>\nvecinas y alejadas del inter\u00e9s general.<\/p>\n<p>El modelo de gesti\u00f3n de las derechas no duda en arrasar con los servicios p\u00fablicos<br \/>\npara <strong>abrir espacios de negocio para el mercado<\/strong> y los negocios privados, como<br \/>\nestamos viendo en Motril en los \u00faltimos a\u00f1os, llevando a la ciudad a una situaci\u00f3n<br \/>\nde abandono que se pretende enmascarar con acciones propagand\u00edsticas y<br \/>\nanuncios de grandes proyectos de futuro, ha se\u00f1alado.<\/p>\n<figure id=\"attachment_10419\" aria-describedby=\"caption-attachment-10419\" style=\"width: 481px\" class=\"wp-caption alignleft\"><img loading=\"lazy\" decoding=\"async\" data-attachment-id=\"10419\" data-permalink=\"https:\/\/iumotril.org\/sitio\/iu-verdes-equo-denuncia-la-precariedad-de-los-servicios-municipales-de-motril-como-consecuencia-de-la-gestion-de-la-politica-de-privatizaciones-de-las-derechas\/photo-2025-02-14-11-45-03\/\" data-orig-file=\"https:\/\/iumotril.org\/sitio\/wp-content\/uploads\/2025\/02\/PHOTO-2025-02-14-11-45-03-scaled.jpg\" data-orig-size=\"1920,2560\" data-comments-opened=\"1\" data-image-meta=\"{&quot;aperture&quot;:&quot;0&quot;,&quot;credit&quot;:&quot;&quot;,&quot;camera&quot;:&quot;&quot;,&quot;caption&quot;:&quot;&quot;,&quot;created_timestamp&quot;:&quot;0&quot;,&quot;copyright&quot;:&quot;&quot;,&quot;focal_length&quot;:&quot;0&quot;,&quot;iso&quot;:&quot;0&quot;,&quot;shutter_speed&quot;:&quot;0&quot;,&quot;title&quot;:&quot;&quot;,&quot;orientation&quot;:&quot;0&quot;}\" data-image-title=\"PHOTO-2025-02-14-11-45-03\" data-image-description=\"\" data-image-caption=\"\" data-large-file=\"https:\/\/iumotril.org\/sitio\/wp-content\/uploads\/2025\/02\/PHOTO-2025-02-14-11-45-03-768x1024.jpg\" class=\"wp-image-10419 \" src=\"https:\/\/iumotril.org\/sitio\/wp-content\/uploads\/2025\/02\/PHOTO-2025-02-14-11-45-03-768x1024.jpg\" alt=\"\" width=\"481\" height=\"641\" srcset=\"https:\/\/iumotril.org\/sitio\/wp-content\/uploads\/2025\/02\/PHOTO-2025-02-14-11-45-03-768x1024.jpg 768w, https:\/\/iumotril.org\/sitio\/wp-content\/uploads\/2025\/02\/PHOTO-2025-02-14-11-45-03-225x300.jpg 225w, https:\/\/iumotril.org\/sitio\/wp-content\/uploads\/2025\/02\/PHOTO-2025-02-14-11-45-03-1152x1536.jpg 1152w, https:\/\/iumotril.org\/sitio\/wp-content\/uploads\/2025\/02\/PHOTO-2025-02-14-11-45-03-1536x2048.jpg 1536w, https:\/\/iumotril.org\/sitio\/wp-content\/uploads\/2025\/02\/PHOTO-2025-02-14-11-45-03-scaled.jpg 1920w\" sizes=\"auto, (max-width: 481px) 100vw, 481px\" \/><figcaption id=\"caption-attachment-10419\" class=\"wp-caption-text\">Inma Omiste, portavoz del Grupo Municipal IU Verdes Equo<\/figcaption><\/figure>\n<p>Omiste advierte que se est\u00e1 abriendo la puerta a la futura externacionalizaci\u00f3n en<br \/>\nel corto y medio plazo de <strong>instalaciones deportivas, culturales, asistenciales, de ocio<\/strong><br \/>\n<strong>y de entretenimiento.<\/strong> <strong>El sue\u00f1o del m\u00e1s rancio liberalismo econ\u00f3mico.<\/strong> La \u00faltima de<br \/>\nestas es la externalizaci\u00f3n de la limpieza de los centros, edificios y dependencias<br \/>\nmunicipales, entendemos que por falta de personal.<\/p>\n<p>La concejala de IU Verdes Equo ha denunciado que actualmente la limpieza de los<br \/>\ncentros recae sobre las pocas trabajadoras que hay en el servicio de limpieza de<br \/>\ninteriores, <strong>unas 40 para cubrir 50 centros grandes y unos 60 peque\u00f1os<\/strong>, \u201cpor lo que a<br \/>\nla excesiva sobrecarga de trabajo debemos sumar la incertidumbre sobre su fututo y<br \/>\nsu estabilidad laboral provocada por las pol\u00edticas de privatizaciones de Garc\u00eda<br \/>\nChamorro.<\/p>\n<p>IU Verdes Equo considera que el gobierno Municipal est\u00e1 llevando a cabo <strong>una<\/strong><br \/>\n<strong>estrategia calculada para poner en manos del mercado todos los asuntos<\/strong><br \/>\n<strong>municipales,<\/strong> como ya est\u00e1 haciendo con la limpieza de exteriores de la ciudad, con<br \/>\nel mantenimiento de parques y jardines y con la pol\u00edtica de vivienda, orientada a la<br \/>\nconstrucci\u00f3n de viviendas libres para su uso residencial y la especulaci\u00f3n de los<br \/>\ninversores inmobiliarios&amp;quot;.<\/p>\n<p>Omiste ha hecho un llamamiento para <strong>defender lo com\u00fan<\/strong>, porque lo p\u00fablico es el<br \/>\n<strong>\u00fanico patrimonio que tiene la ciudadan\u00eda<\/strong>, las familias trabajadoras, el pueblo. Si nos<br \/>\nquitan lo p\u00fablico <strong>nos dejan sin presente y nos condenan a un futuro sin esperanza,<\/strong><br \/>\nen manos del capital y del mercado.<\/p>\n","protected":false},"excerpt":{"rendered":"<p>La concejala de IU Verdes Equo ha denunciado que actualmente la limpieza de los<br \/>\ncentros recae sobre las pocas trabajadoras que hay en el servicio de limpieza de<br \/>\ninteriores, unas 40 para cubrir 50 centros grandes y unos 60 peque\u00f1os, \u201cpor lo que a<br \/>\nla excesiva sobrecarga de trabajo debemos sumar la incertidumbre sobre su fututo y<br \/>\nsu estabilidad laboral provocada por las pol\u00edticas de privatizaciones de Garc\u00eda<br \/>\nChamorro.<\/p>\n<p>IU Verdes Equo considera que el gobierno Municipal est\u00e1 llevando a cabo una<br \/>\nestrategia calculada para poner en manos del mercado todos los asuntos<br \/>\nmunicipales, como ya est\u00e1 haciendo con la limpieza de exteriores de la ciudad, con<br \/>\nel mantenimiento de parques y jardines y con la pol\u00edtica de vivienda, orientada a la<br \/>\nconstrucci\u00f3n de viviendas libres para su uso residencial y la especulaci\u00f3n de los<br \/>\ninversores inmobiliarios&quot;.<\/p>\n<p>Omiste ha hecho un llamamiento para defender lo com\u00fan, porque lo p\u00fablico es el<br \/>\n\u00fanico patrimonio que tiene la ciudadan\u00eda, las familias trabajadoras, el pueblo. Si nos<br \/>\nquitan lo p\u00fablico nos dejan sin presente y nos condenan a un futuro sin esperanza,<br \/>\nen manos del capital y del mercado.<\/p>\n","protected":false},"author":1,"featured_media":10423,"comment_status":"open","ping_status":"open","sticky":false,"template":"","format":"standard","meta":{"cybocfi_hide_featured_image":"","_jetpack_newsletter_access":"","_jetpack_dont_email_post_to_subs":false,"_jetpack_newsletter_tier_id":0,"_jetpack_memberships_contains_paywalled_content":false,"_jetpack_memberships_contains_paid_content":false,"footnotes":""},"categories":[177,375,265],"tags":[2259,2258,365,426,229],"class_list":["post-10417","post","type-post","status-publish","format-standard","has-post-thumbnail","hentry","category-ciudad","category-denuncia","category-esta-pasando","tag-desmantelamiento-de-los-publico","tag-liberalismo-economico","tag-negocios-privados","tag-privatizaciones","tag-servicios-publicos"],"jetpack_featured_media_url":"https:\/\/iumotril.org\/sitio\/wp-content\/uploads\/2025\/02\/22-14.jpg","jetpack_sharing_enabled":true,"jetpack_shortlink":"https:\/\/wp.me\/p4QsU5-2I1","jetpack-related-posts":[{"id":10389,"url":"https:\/\/iumotril.org\/sitio\/denunciamos-que-el-gobierno-local-de-motril-continua-desmantelando-los-servicios-publicos-municipales\/","url_meta":{"origin":10417,"position":0},"title":"Denunciamos que el gobierno local de Motril contin\u00faa desmantelando los servicios p\u00fablicos municipales.","author":"Izquierda Unida Motril","date":"20 enero, 2025","format":false,"excerpt":"La direcci\u00f3n del PP y de su presidenta, Luisa Garc\u00eda Chamorro, en el gobierno local siguen en la tarea de acabar con los servicios p\u00fablicos que iniciaron cuando llegaron a la alcald\u00eda. Mientras que la plantilla municipal est\u00e1 bajo m\u00ednimos, con importantes deficiencias en todas las \u00c1reas municipales, el Ayuntamiento\u2026","rel":"","context":"En \u00abCiudad\u00bb","block_context":{"text":"Ciudad","link":"https:\/\/iumotril.org\/sitio\/category\/ciudad\/"},"img":{"alt_text":"","src":"https:\/\/i0.wp.com\/iumotril.org\/sitio\/wp-content\/uploads\/2025\/01\/inma-omiste-618x1024.jpg?resize=350%2C200&ssl=1","width":350,"height":200},"classes":[]},{"id":10582,"url":"https:\/\/iumotril.org\/sitio\/iu-verdes-equo-critica-duramente-las-nuevas-privatizaciones-del-gobierno-de-garcia-chamorro\/","url_meta":{"origin":10417,"position":1},"title":"IU Verdes Equo critica duramente las nuevas privatizaciones del gobierno de Garc\u00eda Chamorro","author":"Izquierda Unida Motril","date":"29 abril, 2025","format":false,"excerpt":"En los \u00faltimos seis a\u00f1os se ha producido en la ciudad una situaci\u00f3n de falta de servicios e instalaciones, de cierre de museos, de reducci\u00f3n de horarios en las bibliotecas, de cierres de ludotecas, de instalaciones deportivas, de dependencias municipales, de reducci\u00f3n del n\u00famero de escuelas deportivas municipales, y un\u2026","rel":"","context":"En \u00abCiudad\u00bb","block_context":{"text":"Ciudad","link":"https:\/\/iumotril.org\/sitio\/category\/ciudad\/"},"img":{"alt_text":"","src":"https:\/\/i0.wp.com\/iumotril.org\/sitio\/wp-content\/uploads\/2025\/04\/09-junio-23-Gobierno-ciudad-1.jpeg?resize=350%2C200&ssl=1","width":350,"height":200,"srcset":"https:\/\/i0.wp.com\/iumotril.org\/sitio\/wp-content\/uploads\/2025\/04\/09-junio-23-Gobierno-ciudad-1.jpeg?resize=350%2C200&ssl=1 1x, https:\/\/i0.wp.com\/iumotril.org\/sitio\/wp-content\/uploads\/2025\/04\/09-junio-23-Gobierno-ciudad-1.jpeg?resize=525%2C300&ssl=1 1.5x, https:\/\/i0.wp.com\/iumotril.org\/sitio\/wp-content\/uploads\/2025\/04\/09-junio-23-Gobierno-ciudad-1.jpeg?resize=700%2C400&ssl=1 2x, https:\/\/i0.wp.com\/iumotril.org\/sitio\/wp-content\/uploads\/2025\/04\/09-junio-23-Gobierno-ciudad-1.jpeg?resize=1050%2C600&ssl=1 3x, https:\/\/i0.wp.com\/iumotril.org\/sitio\/wp-content\/uploads\/2025\/04\/09-junio-23-Gobierno-ciudad-1.jpeg?resize=1400%2C800&ssl=1 4x"},"classes":[]},{"id":10608,"url":"https:\/\/iumotril.org\/sitio\/iu-verdes-equo-denuncia-el-previsible-aumento-del-recibo-de-basura-para-el-proximo-ano\/","url_meta":{"origin":10417,"position":2},"title":"IU Verdes Equo denuncia el previsible aumento del recibo de basura para el pr\u00f3ximo a\u00f1o","author":"Izquierda Unida Motril","date":"9 mayo, 2025","format":false,"excerpt":"En los \u00faltimos seis a\u00f1os se ha producido en la ciudad una situaci\u00f3n de falta de servicios e instalaciones, de cierre de museos, de reducci\u00f3n de horarios en las bibliotecas, de cierres de ludotecas, de instalaciones deportivas, de dependencias municipales, de reducci\u00f3n del n\u00famero de escuelas deportivas municipales, y un\u2026","rel":"","context":"En \u00abAyuntamiento\u00bb","block_context":{"text":"Ayuntamiento","link":"https:\/\/iumotril.org\/sitio\/category\/ayuntamiento\/"},"img":{"alt_text":"","src":"https:\/\/i0.wp.com\/iumotril.org\/sitio\/wp-content\/uploads\/2025\/05\/Inma-y-Ana-2-scaled.jpg?resize=350%2C200&ssl=1","width":350,"height":200,"srcset":"https:\/\/i0.wp.com\/iumotril.org\/sitio\/wp-content\/uploads\/2025\/05\/Inma-y-Ana-2-scaled.jpg?resize=350%2C200&ssl=1 1x, https:\/\/i0.wp.com\/iumotril.org\/sitio\/wp-content\/uploads\/2025\/05\/Inma-y-Ana-2-scaled.jpg?resize=525%2C300&ssl=1 1.5x, https:\/\/i0.wp.com\/iumotril.org\/sitio\/wp-content\/uploads\/2025\/05\/Inma-y-Ana-2-scaled.jpg?resize=700%2C400&ssl=1 2x, https:\/\/i0.wp.com\/iumotril.org\/sitio\/wp-content\/uploads\/2025\/05\/Inma-y-Ana-2-scaled.jpg?resize=1050%2C600&ssl=1 3x, https:\/\/i0.wp.com\/iumotril.org\/sitio\/wp-content\/uploads\/2025\/05\/Inma-y-Ana-2-scaled.jpg?resize=1400%2C800&ssl=1 4x"},"classes":[]},{"id":9787,"url":"https:\/\/iumotril.org\/sitio\/iu-verdes-equo-denuncia-la-precariedad-de-los-servicios-municipales-como-consecuencia-de-la-gestion-de-las-derechas-motrilenas-al-frente-del-ayuntamiento\/","url_meta":{"origin":10417,"position":3},"title":"IU Verdes Equo denuncia la precariedad de los servicios municipales como consecuencia de la gesti\u00f3n de las derechas motrile\u00f1as al frente del Ayuntamiento","author":"Izquierda Unida Motril","date":"12 febrero, 2024","format":false,"excerpt":"El modelo de gesti\u00f3n de las derechas no duda en arrasar con los servicios p\u00fablicos para abrir espacios de negocio para el mercado y los negocios privados, como estamos viendo en Motril en los \u00faltimos a\u00f1os \u2013\u2013ha se\u00f1alado\u2013\u2013, llevando a la ciudad a una situaci\u00f3n de abandono que se pretende\u2026","rel":"","context":"En \u00abAyuntamiento\u00bb","block_context":{"text":"Ayuntamiento","link":"https:\/\/iumotril.org\/sitio\/category\/ayuntamiento\/"},"img":{"alt_text":"","src":"https:\/\/i0.wp.com\/iumotril.org\/sitio\/wp-content\/uploads\/2023\/10\/teatro-calderon-de-la-barca-motril-paulino-martinez-more-1227x675-1.jpg?resize=350%2C200&ssl=1","width":350,"height":200,"srcset":"https:\/\/i0.wp.com\/iumotril.org\/sitio\/wp-content\/uploads\/2023\/10\/teatro-calderon-de-la-barca-motril-paulino-martinez-more-1227x675-1.jpg?resize=350%2C200&ssl=1 1x, https:\/\/i0.wp.com\/iumotril.org\/sitio\/wp-content\/uploads\/2023\/10\/teatro-calderon-de-la-barca-motril-paulino-martinez-more-1227x675-1.jpg?resize=525%2C300&ssl=1 1.5x, https:\/\/i0.wp.com\/iumotril.org\/sitio\/wp-content\/uploads\/2023\/10\/teatro-calderon-de-la-barca-motril-paulino-martinez-more-1227x675-1.jpg?resize=700%2C400&ssl=1 2x, https:\/\/i0.wp.com\/iumotril.org\/sitio\/wp-content\/uploads\/2023\/10\/teatro-calderon-de-la-barca-motril-paulino-martinez-more-1227x675-1.jpg?resize=1050%2C600&ssl=1 3x"},"classes":[]},{"id":10493,"url":"https:\/\/iumotril.org\/sitio\/reclamamos-la-remunicipalizacion-del-servicio-de-grua-para-asegurar-su-funcionamiento\/","url_meta":{"origin":10417,"position":4},"title":"Reclamamos la remunicipalizaci\u00f3n del servicio de gr\u00faa para asegurar su funcionamiento","author":"Izquierda Unida Motril","date":"11 marzo, 2025","format":false,"excerpt":"A juicio de la portavoz municipal de IU Verdes Equo, la retirada de veh\u00edculos es vital y su gesti\u00f3n por parte del Ayuntamiento, como ya se hizo con posterioridad, es totalmente viable, si el equipo de gobierno tuviera voluntad de administrar los servicios p\u00fablicos municipales y no llevarlos a manos\u2026","rel":"","context":"En \u00abAyuntamiento\u00bb","block_context":{"text":"Ayuntamiento","link":"https:\/\/iumotril.org\/sitio\/category\/ayuntamiento\/"},"img":{"alt_text":"","src":"https:\/\/i0.wp.com\/iumotril.org\/sitio\/wp-content\/uploads\/2017\/05\/Grua-municipal.jpg?resize=350%2C200&ssl=1","width":350,"height":200,"srcset":"https:\/\/i0.wp.com\/iumotril.org\/sitio\/wp-content\/uploads\/2017\/05\/Grua-municipal.jpg?resize=350%2C200&ssl=1 1x, https:\/\/i0.wp.com\/iumotril.org\/sitio\/wp-content\/uploads\/2017\/05\/Grua-municipal.jpg?resize=525%2C300&ssl=1 1.5x, https:\/\/i0.wp.com\/iumotril.org\/sitio\/wp-content\/uploads\/2017\/05\/Grua-municipal.jpg?resize=700%2C400&ssl=1 2x, https:\/\/i0.wp.com\/iumotril.org\/sitio\/wp-content\/uploads\/2017\/05\/Grua-municipal.jpg?resize=1050%2C600&ssl=1 3x, https:\/\/i0.wp.com\/iumotril.org\/sitio\/wp-content\/uploads\/2017\/05\/Grua-municipal.jpg?resize=1400%2C800&ssl=1 4x"},"classes":[]},{"id":10426,"url":"https:\/\/iumotril.org\/sitio\/iu-verdes-equo-critica-la-gestion-del-gobierno-local-de-garcia-chamorro-reduciendo-a-minimos-los-servicios-publicos-municipales\/","url_meta":{"origin":10417,"position":5},"title":"IU Verdes Equo critica la gesti\u00f3n del gobierno local de Garc\u00eda Chamorro que est\u00e1 reduciendo a m\u00ednimos los servicios p\u00fablicos municipales","author":"Izquierda Unida Motril","date":"24 febrero, 2025","format":false,"excerpt":"En los \u00faltimos cinco a\u00f1os se ha producido en la ciudad una situaci\u00f3n de falta de servicios e instalaciones, de cierre de museos, de reducci\u00f3n de horarios en las bibliotecas, de cierres de ludotecas, de instalaciones deportivas, de dependencias municipales, de reducci\u00f3n del n\u00famero de escuelas deportivas municipales, y un\u2026","rel":"","context":"En \u00abAyuntamiento\u00bb","block_context":{"text":"Ayuntamiento","link":"https:\/\/iumotril.org\/sitio\/category\/ayuntamiento\/"},"img":{"alt_text":"","src":"https:\/\/i0.wp.com\/iumotril.org\/sitio\/wp-content\/uploads\/2025\/02\/Evolucion-economica-de-Motril-2048x1365-1.jpeg?resize=350%2C200&ssl=1","width":350,"height":200,"srcset":"https:\/\/i0.wp.com\/iumotril.org\/sitio\/wp-content\/uploads\/2025\/02\/Evolucion-economica-de-Motril-2048x1365-1.jpeg?resize=350%2C200&ssl=1 1x, https:\/\/i0.wp.com\/iumotril.org\/sitio\/wp-content\/uploads\/2025\/02\/Evolucion-economica-de-Motril-2048x1365-1.jpeg?resize=525%2C300&ssl=1 1.5x, https:\/\/i0.wp.com\/iumotril.org\/sitio\/wp-content\/uploads\/2025\/02\/Evolucion-economica-de-Motril-2048x1365-1.jpeg?resize=700%2C400&ssl=1 2x, https:\/\/i0.wp.com\/iumotril.org\/sitio\/wp-content\/uploads\/2025\/02\/Evolucion-economica-de-Motril-2048x1365-1.jpeg?resize=1050%2C600&ssl=1 3x, https:\/\/i0.wp.com\/iumotril.org\/sitio\/wp-content\/uploads\/2025\/02\/Evolucion-economica-de-Motril-2048x1365-1.jpeg?resize=1400%2C800&ssl=1 4x"},"classes":[]}],"jetpack_likes_enabled":true,"_links":{"self":[{"href":"https:\/\/iumotril.org\/sitio\/wp-json\/wp\/v2\/posts\/10417","targetHints":{"allow":["GET"]}}],"collection":[{"href":"https:\/\/iumotril.org\/sitio\/wp-json\/wp\/v2\/posts"}],"about":[{"href":"https:\/\/iumotril.org\/sitio\/wp-json\/wp\/v2\/types\/post"}],"author":[{"embeddable":true,"href":"https:\/\/iumotril.org\/sitio\/wp-json\/wp\/v2\/users\/1"}],"replies":[{"embeddable":true,"href":"https:\/\/iumotril.org\/sitio\/wp-json\/wp\/v2\/comments?post=10417"}],"version-history":[{"count":4,"href":"https:\/\/iumotril.org\/sitio\/wp-json\/wp\/v2\/posts\/10417\/revisions"}],"predecessor-version":[{"id":10422,"href":"https:\/\/iumotril.org\/sitio\/wp-json\/wp\/v2\/posts\/10417\/revisions\/10422"}],"wp:featuredmedia":[{"embeddable":true,"href":"https:\/\/iumotril.org\/sitio\/wp-json\/wp\/v2\/media\/10423"}],"wp:attachment":[{"href":"https:\/\/iumotril.org\/sitio\/wp-json\/wp\/v2\/media?parent=10417"}],"wp:term":[{"taxonomy":"category","embeddable":true,"href":"https:\/\/iumotril.org\/sitio\/wp-json\/wp\/v2\/categories?post=10417"},{"taxonomy":"post_tag","embeddable":true,"href":"https:\/\/iumotril.org\/sitio\/wp-json\/wp\/v2\/tags?post=10417"}],"curies":[{"name":"wp","href":"https:\/\/api.w.org\/{rel}","templated":true}]}}