{"id":10363,"date":"2025-01-14T10:07:39","date_gmt":"2025-01-14T09:07:39","guid":{"rendered":"https:\/\/iumotril.org\/sitio\/?p=10363"},"modified":"2025-01-15T12:56:14","modified_gmt":"2025-01-15T11:56:14","slug":"el-gobierno-municipal-de-garcia-chamorro-incrementa-la-utilizacion-abusiva-y-partidista-de-telemotril","status":"publish","type":"post","link":"https:\/\/iumotril.org\/sitio\/el-gobierno-municipal-de-garcia-chamorro-incrementa-la-utilizacion-abusiva-y-partidista-de-telemotril\/","title":{"rendered":"El gobierno municipal de Garc\u00eda Chamorro incrementa la utilizaci\u00f3n abusiva y partidista de Telemotril"},"content":{"rendered":"<h3><strong><span style=\"color: #993300;\">El Consejo Audiovisual de Andaluc\u00eda expresa su grave preocupaci\u00f3n por la persistencia de un desequilibrio excesivo en el tiempo de palabra de los gobiernos municipales y los partidos que los apoyan y el otorgado a los partidos de la oposici\u00f3n<\/span><\/strong><\/h3>\n<p><span style=\"font-weight: 400;\">As\u00ed se recoge en el <strong>Informe sobre el pluralismo pol\u00edtico en las televisiones p\u00fablicas locales de Andaluc\u00eda 2023-2024<\/strong> en el que subraya como \u201cmuy negativo\u201d el<strong> progresivo descenso del espacio dedicado en los informativos a los grupos municipales de la oposici\u00f3n<\/strong>, que se sit\u00faa en el 16,9% en el per\u00edodo, por debajo del 26% registrado en 2019\/2020.<\/span><\/p>\n<p><span style=\"font-weight: 400;\">En el caso de Telemotril, <strong>el gobierno municipal ocup\u00f3 el 86,7% de las informaciones emitidas frente al 9,3% del conjunto de los partidos de la oposici\u00f3n<\/strong>. Un desequilibrio excesivo que <strong>vulnera el principio de pluralismo pol\u00edtic<\/strong>o que deben respetar los medios p\u00fablicos de comunicaci\u00f3n, ha informado el representante de IU Verdes Equo en el Consejo de Administraci\u00f3n de RTV Motril, Jos\u00e9 G. Llorente.<\/span><\/p>\n<p><span style=\"font-weight: 400;\">Afirma que los vecinos y vecinas que siguen la programaci\u00f3n de Telemotril lo saben mejor que nadie: <strong>la alcaldesa est\u00e1 \u201chasta en la sopa\u201d<\/strong> sirviendo cualquier excusa para que aparezca en pantalla. De este modo, se le dedica el 42% de la presencia en los informativos.<\/span><\/p>\n<p><span style=\"font-weight: 400;\">Considera, asimismo, que<strong> la agenda institucional de la alcaldesa est\u00e1 dise\u00f1ada exclusivamente para que aparezca en la televisi\u00f3n motrile\u00f1a<\/strong>. Su acci\u00f3n pol\u00edtica consiste en eso. Visitar un comercio, tomar un caf\u00e9 en una terraza o pasear por una calle se convierte en un hecho noticioso para la televisi\u00f3n motrile\u00f1a. La alcaldesa no desarrolla otra acci\u00f3n pol\u00edtica distinta que \u00e9sta, salir en la tele.<\/span><\/p>\n<figure id=\"attachment_10365\" aria-describedby=\"caption-attachment-10365\" style=\"width: 640px\" class=\"wp-caption alignleft\"><img loading=\"lazy\" decoding=\"async\" data-attachment-id=\"10365\" data-permalink=\"https:\/\/iumotril.org\/sitio\/el-gobierno-municipal-de-garcia-chamorro-incrementa-la-utilizacion-abusiva-y-partidista-de-telemotril\/img_3845\/\" data-orig-file=\"https:\/\/iumotril.org\/sitio\/wp-content\/uploads\/2025\/01\/IMG_3845-scaled.jpg\" data-orig-size=\"2560,1920\" data-comments-opened=\"1\" data-image-meta=\"{&quot;aperture&quot;:&quot;1.6&quot;,&quot;credit&quot;:&quot;&quot;,&quot;camera&quot;:&quot;iPhone 12&quot;,&quot;caption&quot;:&quot;&quot;,&quot;created_timestamp&quot;:&quot;1736766056&quot;,&quot;copyright&quot;:&quot;&quot;,&quot;focal_length&quot;:&quot;4.2&quot;,&quot;iso&quot;:&quot;80&quot;,&quot;shutter_speed&quot;:&quot;0.01&quot;,&quot;title&quot;:&quot;&quot;,&quot;orientation&quot;:&quot;1&quot;}\" data-image-title=\"IMG_3845\" data-image-description=\"\" data-image-caption=\"\" data-large-file=\"https:\/\/iumotril.org\/sitio\/wp-content\/uploads\/2025\/01\/IMG_3845-1024x768.jpg\" class=\"wp-image-10365 size-large\" src=\"https:\/\/iumotril.org\/sitio\/wp-content\/uploads\/2025\/01\/IMG_3845-1024x768.jpg\" alt=\"\" width=\"640\" height=\"480\" srcset=\"https:\/\/iumotril.org\/sitio\/wp-content\/uploads\/2025\/01\/IMG_3845-1024x768.jpg 1024w, https:\/\/iumotril.org\/sitio\/wp-content\/uploads\/2025\/01\/IMG_3845-300x225.jpg 300w, https:\/\/iumotril.org\/sitio\/wp-content\/uploads\/2025\/01\/IMG_3845-768x576.jpg 768w, https:\/\/iumotril.org\/sitio\/wp-content\/uploads\/2025\/01\/IMG_3845-1536x1152.jpg 1536w, https:\/\/iumotril.org\/sitio\/wp-content\/uploads\/2025\/01\/IMG_3845-2048x1536.jpg 2048w\" sizes=\"auto, (max-width: 640px) 100vw, 640px\" \/><figcaption id=\"caption-attachment-10365\" class=\"wp-caption-text\">Jose G. Llorente, Inma Omiste y Ana Herrera, del Grupo Municipal de IU Verdes Equo<\/figcaption><\/figure>\n<p><span style=\"font-weight: 400;\">Una<strong> utilizaci\u00f3n pol\u00edtica de la televisi\u00f3n p\u00fablica inadmisible<\/strong> en un medio que se sostiene con dinero p\u00fablico, de todos, (<strong>825.000 euros de presupuesto para el ejercicio 2025)<\/strong>, sobre el que se ejerce un <strong>control f\u00e9rreo por parte de la alcaldesa<\/strong> y su equipo para crear un clima de opini\u00f3n favorable a sus intereses, ha denunciado.<\/span><\/p>\n<p><span style=\"font-weight: 400;\">Sostienen desde IU Verdes Equo que Telemotril es la punta del iceberg de una <strong>estrategia de desinformaci\u00f3n y manipulaci\u00f3n informativa<\/strong> que ejecuta con firmeza la <strong>direcci\u00f3n el ente<\/strong>, con su director al frente que por ello percibe una contraprestaci\u00f3n en forma de <strong>retribuci\u00f3n anual de 62.614 euros<\/strong>,\u00a0 asistido por sus ac\u00f3litos, todos ellos cercanos y afines a la direcci\u00f3n del partido Popular motrile\u00f1o.<\/span><\/p>\n<p><span style=\"font-weight: 400;\">En esta estrategia de manipulaci\u00f3n y desinformaci\u00f3n se integra la <strong>censura que el gobierno municipal ejerce en los medios sociales corporativos<\/strong>, en sus perfiles institucionales en redes sociales, de las que no duda<strong> borrar comentarios o bloquear a los vecinos<\/strong> que se atreven a publicar cr\u00edticas de cualquiera de sus actuaciones, como se ha denunciado de forma reiterada, han a\u00f1adido.<\/span><\/p>\n<p><span style=\"font-weight: 400;\">Desprecia de esta manera el gobierno local la <strong>Decisi\u00f3n del Consejo Audiovisual<\/strong> que sostiene que<strong> la informaci\u00f3n de car\u00e1cter institucional no es pol\u00edticamente neutra<\/strong> y debe ser sometida al control, la cr\u00edtica y la valoraci\u00f3n de la opini\u00f3n p\u00fablica para respetar el principio de pluralismo.<\/span><\/p>\n<p><span style=\"font-weight: 400;\">La alcaldesa y el Partido Popular saben por qu\u00e9 <strong>rechazan elaborar una\u00a0 ordenanza de transparencia y un protocolo para la gesti\u00f3n de perfiles sociales<\/strong>, como han hecho recientemente con nuestras propuestas y de otros partidos de la oposici\u00f3n. <strong>Cuanto menos transparencia haya mejor para cometer sus tropel\u00edas y continuar favoreciendo a sus amigos, amigas y correligionarios.<\/strong><\/span><\/p>\n<p><span style=\"font-weight: 400;\">IU Verdes Equo exige a la alcaldesa <strong>que adopte medidas para revertir esta situaci\u00f3n<\/strong>, empezando por apartar al director y a su equipo de la gesti\u00f3n de la televisi\u00f3n p\u00fablica motrile\u00f1a que han puesto de manifiesto su<strong> incompatibilidad con una gesti\u00f3n profesional de los medios de comunicaci\u00f3n<\/strong>.<\/span><\/p>\n<p><span style=\"font-weight: 400;\">El representante de la coalici\u00f3n de izquierdas ha recordado que <strong>todos los medios de comunicaci\u00f3n y de forma fundamental los de car\u00e1cter p\u00fablico est\u00e1n obligados a favorecer el pluralismo<\/strong>, reflejando de forma proporcionada las diferentes corrientes pol\u00edticos e ideol\u00f3gicas presentes en la sociedad. Y la actual direcci\u00f3n es incompatible con este planteamiento.<\/span><\/p>\n<div style=\"width: 640px;\" class=\"wp-video\"><video class=\"wp-video-shortcode\" id=\"video-10363-1\" width=\"640\" height=\"363\" preload=\"metadata\" controls=\"controls\"><source type=\"video\/mp4\" src=\"https:\/\/iumotril.org\/sitio\/wp-content\/uploads\/2025\/01\/VIDEO-2025-01-14-20-14-42.mp4?_=1\" \/><a href=\"https:\/\/iumotril.org\/sitio\/wp-content\/uploads\/2025\/01\/VIDEO-2025-01-14-20-14-42.mp4\">https:\/\/iumotril.org\/sitio\/wp-content\/uploads\/2025\/01\/VIDEO-2025-01-14-20-14-42.mp4<\/a><\/video><\/div>\n","protected":false},"excerpt":{"rendered":"<p>Sostienen desde IU Verdes Equo que Telemotril es la punta del iceberg de una estrategia de desinformaci\u00f3n y manipulaci\u00f3n informativa que ejecuta con firmeza la direcci\u00f3n el ente, con su director al frente que por ello percibe una contraprestaci\u00f3n en forma de retribuci\u00f3n anual de 62.614 euros,\u00a0 asistido por sus ac\u00f3litos, todos ellos cercanos y afines a la direcci\u00f3n del partido Popular motrile\u00f1o.<br \/>\nEn esta estrategia de manipulaci\u00f3n y desinformaci\u00f3n se integra la censura que el gobierno municipal ejerce en los medios sociales corporativos, en sus perfiles institucionales en redes sociales, de las que no duda borrar comentarios o bloquear a los vecinos que se atreven a publicar cr\u00edticas de cualquiera de sus actuaciones, como se ha denunciado de forma reiterada, han a\u00f1adido.<br \/>\nDesprecia de esta manera el gobierno local la Decisi\u00f3n del Consejo Audiovisual que sostiene que la informaci\u00f3n de car\u00e1cter institucional no es pol\u00edticamente neutra y debe ser sometida al control, la cr\u00edtica y la valoraci\u00f3n de la opini\u00f3n p\u00fablica para respetar el principio de pluralismo.<br \/>\nLa alcaldesa y el Partido Popular saben por qu\u00e9 rechazan elaborar una\u00a0 ordenanza de transparencia y un protocolo para la gesti\u00f3n de perfiles sociales, como han hecho recientemente con nuestras propuestas y de otros partidos de la oposici\u00f3n. Cuanto menos transparencia haya mejor para cometer sus tropel\u00edas y continuar favoreciendo a sus amigos, amigas y correligionarios.<br \/>\nIU Verdes Equo exige a la alcaldesa que adopte medidas para revertir esta situaci\u00f3n, empezando por apartar al director y a su equipo de la gesti\u00f3n de la televisi\u00f3n p\u00fablica motrile\u00f1a que han puesto de manifiesto su incompatibilidad con una gesti\u00f3n profesional de los medios de comunicaci\u00f3n.<br \/>\nEl representante de la coalici\u00f3n de izquierdas ha recordado que todos los medios de comunicaci\u00f3n y de forma fundamental los de car\u00e1cter p\u00fablico est\u00e1n obligados a favorecer el pluralismo, reflejando de forma proporcionada las diferentes corrientes pol\u00edticos e ideol\u00f3gicas presentes en la sociedad. Y la actual direcci\u00f3n es incompatible con este planteamiento.<\/p>\n","protected":false},"author":1,"featured_media":10232,"comment_status":"open","ping_status":"open","sticky":false,"template":"","format":"standard","meta":{"cybocfi_hide_featured_image":"","_jetpack_newsletter_access":"","_jetpack_dont_email_post_to_subs":false,"_jetpack_newsletter_tier_id":0,"_jetpack_memberships_contains_paywalled_content":false,"_jetpack_memberships_contains_paid_content":false,"footnotes":""},"categories":[374,375,265,2208],"tags":[2248,2247,2246,225],"class_list":["post-10363","post","type-post","status-publish","format-standard","has-post-thumbnail","hentry","category-critica","category-denuncia","category-esta-pasando","category-presupuesto-municipal","tag-informe-20223-2024","tag-medios-publicos-comunicacion","tag-pluralismo-politico","tag-telemotril"],"jetpack_featured_media_url":"https:\/\/iumotril.org\/sitio\/wp-content\/uploads\/2024\/11\/Telemotril-visita-alcaldesa.jpg","jetpack_sharing_enabled":true,"jetpack_shortlink":"https:\/\/wp.me\/p4QsU5-2H9","jetpack-related-posts":[{"id":9700,"url":"https:\/\/iumotril.org\/sitio\/telemotril-dedica-52-minutos-de-cada-hora-de-programacion-informativa-a-la-alcaldesa-y-su-equipo-de-gobierno\/","url_meta":{"origin":10363,"position":0},"title":"Telemotril dedica 52 minutos de cada hora de programaci\u00f3n informativa a la alcaldesa y su equipo de gobierno","author":"Izquierda Unida Motril","date":"16 enero, 2024","format":false,"excerpt":"Desde IU Verdes Equo se considera que \u201cllueve sobre mojado\u201d al ser habituales en los \u00faltimos a\u00f1os las llamadas de atenci\u00f3n del Consejo a la televisi\u00f3n p\u00fablica motrile\u00f1a por su utilizaci\u00f3n abusiva en favor del gobierno local. Su portavoz municipal, Jose G. Llorente, ha criticado la utilizaci\u00f3n de la televisi\u00f3n\u2026","rel":"","context":"En \u00abEST\u00c1 PASANDO\u00bb","block_context":{"text":"EST\u00c1 PASANDO","link":"https:\/\/iumotril.org\/sitio\/category\/esta-pasando\/"},"img":{"alt_text":"","src":"https:\/\/i0.wp.com\/iumotril.org\/sitio\/wp-content\/uploads\/2024\/01\/RP-16-enero-1024x768.jpg?resize=350%2C200&ssl=1","width":350,"height":200},"classes":[]},{"id":1565,"url":"https:\/\/iumotril.org\/sitio\/telemotril-una-vez-mas-entre-las-televisiones-mas-manipuladas-de-andalucia\/","url_meta":{"origin":10363,"position":1},"title":"TELEMOTRIL UNA VEZ M\u00c1S ENTRE LAS TELEVISIONES M\u00c1S MANIPULADAS DE ANDALUC\u00cdA","author":"Izquierda Unida Motril","date":"2 noviembre, 2015","format":false,"excerpt":"A pesar de esta situaci\u00f3n, cuatro meses despu\u00e9s de su llegada al Ayuntamiento, Flor Alm\u00f3n no ha nombrado a\u00fan un nueva Direcci\u00f3n manteniendo en sus funciones al anterior Director Gerente, el instrumento del Partido Popular para llevar a cabo esa funci\u00f3n y responsable directo de su nefasta gesti\u00f3n. Izquierda Unida\u2026","rel":"","context":"En \u00abEmpresas municipales\u00bb","block_context":{"text":"Empresas municipales","link":"https:\/\/iumotril.org\/sitio\/category\/empresas-municipales\/"},"img":{"alt_text":"consejo audiovisual","src":"https:\/\/i0.wp.com\/iumotril.org\/sitio\/wp-content\/uploads\/2015\/11\/consejo-audiovisual.jpg?resize=350%2C200","width":350,"height":200,"srcset":"https:\/\/i0.wp.com\/iumotril.org\/sitio\/wp-content\/uploads\/2015\/11\/consejo-audiovisual.jpg?resize=350%2C200 1x, https:\/\/i0.wp.com\/iumotril.org\/sitio\/wp-content\/uploads\/2015\/11\/consejo-audiovisual.jpg?resize=525%2C300 1.5x"},"classes":[]},{"id":6741,"url":"https:\/\/iumotril.org\/sitio\/el-consejo-audiovisual-de-andalucia-certifica-la-falta-de-pluralidad-politica-en-los-informativos-de-telemotril\/","url_meta":{"origin":10363,"position":2},"title":"El Consejo Audiovisual de Andaluc\u00eda certifica la falta de pluralidad pol\u00edtica en los informativos de Telemotril","author":"Izquierda Unida Motril","date":"15 octubre, 2020","format":false,"excerpt":"Poco m\u00e1s de un a\u00f1o de gesti\u00f3n le ha bastado al Partido Popular y a sus socios de derechas para recuperar los niveles de manipulaci\u00f3n informativa en Telemotril que alcanz\u00f3 en sus per\u00edodos anteriores de mandato. La direcci\u00f3n pol\u00edtica impuesta por el PP ha puesto a Telemotril al servicio de\u2026","rel":"","context":"En \u00abAyuntamiento\u00bb","block_context":{"text":"Ayuntamiento","link":"https:\/\/iumotril.org\/sitio\/category\/ayuntamiento\/"},"img":{"alt_text":"","src":"https:\/\/i0.wp.com\/iumotril.org\/sitio\/wp-content\/uploads\/2020\/10\/jose-e-Inma-15-oct-176x176.jpg?resize=350%2C200","width":350,"height":200,"srcset":"https:\/\/i0.wp.com\/iumotril.org\/sitio\/wp-content\/uploads\/2020\/10\/jose-e-Inma-15-oct-176x176.jpg?resize=350%2C200 1x, https:\/\/i0.wp.com\/iumotril.org\/sitio\/wp-content\/uploads\/2020\/10\/jose-e-Inma-15-oct-176x176.jpg?resize=525%2C300 1.5x"},"classes":[]},{"id":8828,"url":"https:\/\/iumotril.org\/sitio\/iu-equo-denuncia-la-utilizacion-abusiva-de-telemotril-por-parte-de-la-alcaldesa-y-su-equipo-de-gobierno\/","url_meta":{"origin":10363,"position":3},"title":"IU-EQUO denuncia la utilizaci\u00f3n abusiva de Telemotril por parte de la alcaldesa y su equipo de gobierno","author":"Izquierda Unida Motril","date":"19 enero, 2023","format":false,"excerpt":"El Consejo Audiovisual de Andaluc\u00eda ha constatado el desequilibrio en la presencia de actores pol\u00edticos en los informativos diarios de Telemotril, se\u00f1alando que los partidos del gobierno local ocupan el 86,90% del tiempo de palabra frente al 6,90% de los partidos de la oposici\u00f3n. Con respecto al per\u00edodo anterior (2020-21)\u2026","rel":"","context":"En \u00abAyuntamiento\u00bb","block_context":{"text":"Ayuntamiento","link":"https:\/\/iumotril.org\/sitio\/category\/ayuntamiento\/"},"img":{"alt_text":"","src":"https:\/\/i0.wp.com\/iumotril.org\/sitio\/wp-content\/uploads\/2023\/01\/Captura-Luisa-en-Telemotril.png?resize=350%2C200&ssl=1","width":350,"height":200,"srcset":"https:\/\/i0.wp.com\/iumotril.org\/sitio\/wp-content\/uploads\/2023\/01\/Captura-Luisa-en-Telemotril.png?resize=350%2C200&ssl=1 1x, https:\/\/i0.wp.com\/iumotril.org\/sitio\/wp-content\/uploads\/2023\/01\/Captura-Luisa-en-Telemotril.png?resize=525%2C300&ssl=1 1.5x, https:\/\/i0.wp.com\/iumotril.org\/sitio\/wp-content\/uploads\/2023\/01\/Captura-Luisa-en-Telemotril.png?resize=700%2C400&ssl=1 2x"},"classes":[]},{"id":7605,"url":"https:\/\/iumotril.org\/sitio\/iu-equo-denuncia-una-vez-mas-la-manipulacion-propagandistica-de-telemotril\/","url_meta":{"origin":10363,"position":4},"title":"IU-Equo denuncia una vez m\u00e1s la manipulaci\u00f3n propagand\u00edstica de Telemotril","author":"Izquierda Unida Motril","date":"21 julio, 2021","format":false,"excerpt":"El representante de IU-Equo en el consejo de administraci\u00f3n de Telemotril ha denunciado que la actual direcci\u00f3n est\u00e1 al servicio exclusivo de los intereses partidistas del gobierno local y que est\u00e1 llevando a cabo una gesti\u00f3n pol\u00edtica a su medida y no profesional. Telemotril es la \u201cpunta de lanza de\u2026","rel":"","context":"En \u00abEST\u00c1 PASANDO\u00bb","block_context":{"text":"EST\u00c1 PASANDO","link":"https:\/\/iumotril.org\/sitio\/category\/esta-pasando\/"},"img":{"alt_text":"","src":"https:\/\/i0.wp.com\/iumotril.org\/sitio\/wp-content\/uploads\/2021\/07\/Jose-20-julio-300x292.jpg?resize=350%2C200","width":350,"height":200},"classes":[]},{"id":7853,"url":"https:\/\/iumotril.org\/sitio\/iu-equo-exige-la-constitucion-del-consejo-profesional-de-radio-television-motril\/","url_meta":{"origin":10363,"position":5},"title":"IU-EQUO exige la constituci\u00f3n del Consejo Profesional de Radio Televisi\u00f3n Motril","author":"Izquierda Unida Motril","date":"24 noviembre, 2021","format":false,"excerpt":"Desde IU-Equo se considera que el incumplimiento de este acuerdo del Consejo de Administraci\u00f3n en 2020 est\u00e1 convirtiendo en papel mojado el compromiso adquirido mayoritariamente por todos los Grupos municipales, excepto el PP, desaprovechando una ocasi\u00f3n inmejorable para reforzar el papel de servicio p\u00fablico de la radio televisi\u00f3n motrile\u00f1a. la\u2026","rel":"","context":"En \u00abAyuntamiento\u00bb","block_context":{"text":"Ayuntamiento","link":"https:\/\/iumotril.org\/sitio\/category\/ayuntamiento\/"},"img":{"alt_text":"","src":"https:\/\/i0.wp.com\/iumotril.org\/sitio\/wp-content\/uploads\/2021\/11\/Jose-24-noviembre-1024x768.jpg?resize=350%2C200","width":350,"height":200,"srcset":"https:\/\/i0.wp.com\/iumotril.org\/sitio\/wp-content\/uploads\/2021\/11\/Jose-24-noviembre-1024x768.jpg?resize=350%2C200 1x, https:\/\/i0.wp.com\/iumotril.org\/sitio\/wp-content\/uploads\/2021\/11\/Jose-24-noviembre-1024x768.jpg?resize=525%2C300 1.5x"},"classes":[]}],"jetpack_likes_enabled":true,"_links":{"self":[{"href":"https:\/\/iumotril.org\/sitio\/wp-json\/wp\/v2\/posts\/10363","targetHints":{"allow":["GET"]}}],"collection":[{"href":"https:\/\/iumotril.org\/sitio\/wp-json\/wp\/v2\/posts"}],"about":[{"href":"https:\/\/iumotril.org\/sitio\/wp-json\/wp\/v2\/types\/post"}],"author":[{"embeddable":true,"href":"https:\/\/iumotril.org\/sitio\/wp-json\/wp\/v2\/users\/1"}],"replies":[{"embeddable":true,"href":"https:\/\/iumotril.org\/sitio\/wp-json\/wp\/v2\/comments?post=10363"}],"version-history":[{"count":6,"href":"https:\/\/iumotril.org\/sitio\/wp-json\/wp\/v2\/posts\/10363\/revisions"}],"predecessor-version":[{"id":10371,"href":"https:\/\/iumotril.org\/sitio\/wp-json\/wp\/v2\/posts\/10363\/revisions\/10371"}],"wp:featuredmedia":[{"embeddable":true,"href":"https:\/\/iumotril.org\/sitio\/wp-json\/wp\/v2\/media\/10232"}],"wp:attachment":[{"href":"https:\/\/iumotril.org\/sitio\/wp-json\/wp\/v2\/media?parent=10363"}],"wp:term":[{"taxonomy":"category","embeddable":true,"href":"https:\/\/iumotril.org\/sitio\/wp-json\/wp\/v2\/categories?post=10363"},{"taxonomy":"post_tag","embeddable":true,"href":"https:\/\/iumotril.org\/sitio\/wp-json\/wp\/v2\/tags?post=10363"}],"curies":[{"name":"wp","href":"https:\/\/api.w.org\/{rel}","templated":true}]}}