{"id":10333,"date":"2024-12-16T17:17:19","date_gmt":"2024-12-16T16:17:19","guid":{"rendered":"https:\/\/iumotril.org\/sitio\/?p=10333"},"modified":"2024-12-16T17:17:19","modified_gmt":"2024-12-16T16:17:19","slug":"iu-verdes-equo-reclama-la-elaboracion-de-una-ordenanza-municipal-de-transparencia-y-buen-gobierno","status":"publish","type":"post","link":"https:\/\/iumotril.org\/sitio\/iu-verdes-equo-reclama-la-elaboracion-de-una-ordenanza-municipal-de-transparencia-y-buen-gobierno\/","title":{"rendered":"IU Verdes Equo reclama la elaboraci\u00f3n de una ordenanza municipal de Transparencia y Buen gobierno"},"content":{"rendered":"<h3><span style=\"color: #993300;\">Consideran que es necesario regular \u00edntegramente y de forma adecuada la adaptaci\u00f3n de la normativa relativa a transparencia y buen gobierno a trav\u00e9s de una ordenanza municipal que haga efectivo el compromiso con la ciudadan\u00eda que cualquier ayuntamiento democr\u00e1tico debe asumir como propio.<\/span><\/h3>\n<p>Su portavoz, Jose G. Llorente, ha informado de la moci\u00f3n que su grupo ha presentado para su debate en el pr\u00f3ximo pleno subrayando que no son pocas las insuficiencias o el desarrollo incompleto de la aplicaci\u00f3n de la normativa de Transparencia y Buen gobierno en el Ayuntamiento de Motril.<\/p>\n<p>Ha se\u00f1alado que se da, por lo tanto, una <strong>aplicaci\u00f3n\u00a0 insuficiente de los principios de la transparencia y buen gobierno<\/strong>, que tienen consecuencias directas en la <strong>participaci\u00f3n ciudadana<\/strong>, que debe ser uno de los principios fundamentales de la administraci\u00f3n local.<\/p>\n<figure id=\"attachment_10338\" aria-describedby=\"caption-attachment-10338\" style=\"width: 640px\" class=\"wp-caption alignleft\"><img loading=\"lazy\" decoding=\"async\" data-attachment-id=\"10338\" data-permalink=\"https:\/\/iumotril.org\/sitio\/iu-verdes-equo-reclama-la-elaboracion-de-una-ordenanza-municipal-de-transparencia-y-buen-gobierno\/16-diciembre-rp-transparencia\/\" data-orig-file=\"https:\/\/iumotril.org\/sitio\/wp-content\/uploads\/2024\/12\/16-diciembre-RP-Transparencia.jpg\" data-orig-size=\"1200,1600\" data-comments-opened=\"1\" data-image-meta=\"{&quot;aperture&quot;:&quot;0&quot;,&quot;credit&quot;:&quot;&quot;,&quot;camera&quot;:&quot;&quot;,&quot;caption&quot;:&quot;&quot;,&quot;created_timestamp&quot;:&quot;0&quot;,&quot;copyright&quot;:&quot;&quot;,&quot;focal_length&quot;:&quot;0&quot;,&quot;iso&quot;:&quot;0&quot;,&quot;shutter_speed&quot;:&quot;0&quot;,&quot;title&quot;:&quot;&quot;,&quot;orientation&quot;:&quot;0&quot;}\" data-image-title=\"16 diciembre RP Transparencia\" data-image-description=\"\" data-image-caption=\"\" data-large-file=\"https:\/\/iumotril.org\/sitio\/wp-content\/uploads\/2024\/12\/16-diciembre-RP-Transparencia-768x1024.jpg\" class=\"wp-image-10338 size-large\" src=\"https:\/\/iumotril.org\/sitio\/wp-content\/uploads\/2024\/12\/16-diciembre-RP-Transparencia-768x1024.jpg\" alt=\"\" width=\"640\" height=\"853\" srcset=\"https:\/\/iumotril.org\/sitio\/wp-content\/uploads\/2024\/12\/16-diciembre-RP-Transparencia-768x1024.jpg 768w, https:\/\/iumotril.org\/sitio\/wp-content\/uploads\/2024\/12\/16-diciembre-RP-Transparencia-225x300.jpg 225w, https:\/\/iumotril.org\/sitio\/wp-content\/uploads\/2024\/12\/16-diciembre-RP-Transparencia-1152x1536.jpg 1152w, https:\/\/iumotril.org\/sitio\/wp-content\/uploads\/2024\/12\/16-diciembre-RP-Transparencia.jpg 1200w\" sizes=\"auto, (max-width: 640px) 100vw, 640px\" \/><figcaption id=\"caption-attachment-10338\" class=\"wp-caption-text\">Jose G. Llorente, concejal de IU Verdes Equo<\/figcaption><\/figure>\n<p>A juicio del portavoz municipal de IU Verdes Equo, los vecinos y vecinas conocen de primera mano las <strong>dificultades de relacionarse con el ayuntamiento<\/strong>, una tarea complicada, y a veces imposible, cuando se trata de acceder a la informaci\u00f3n o conocer las actuaciones que desarrollan los pol\u00edticos que tienen responsabilidades municipales.<\/p>\n<p>La transparencia y el buen gobierno no pueden ser una mera formalidad. <strong>Es una cuesti\u00f3n de actitud democr\u00e1tica<\/strong> de la que carece el gobierno de la se\u00f1ora Garc\u00eda Chamorro \u2013\u2013ha enfatizado\u2013\u2013.<\/p>\n<p>La coalici\u00f3n de izquierdas propone la elaboraci\u00f3n de una ordenanza municipal que tenga por objeto <strong>garantizar la transparencia en el Ayuntamiento de Motril<\/strong> conforme a lo previsto en las normativas estatal y auton\u00f3mica a trav\u00e9s del establecimiento de unas normas que articulen los medios necesarios para ello, una herramienta con la que cuentan las principales corporaciones municipales y de la que Motril carece.<\/p>\n<p>La ordenanza \u2013\u2013a\u00f1aden\u2013\u2013 debe recoger, asimismo, los principios que regir\u00e1n la <strong>actuaci\u00f3n dentro del \u00e1mbito profesional de los cargos electos, el personal directivo y eventual<\/strong> que formen parte de la administraci\u00f3n local, as\u00ed como el derecho de las personas a acceder a la informaci\u00f3n p\u00fablica y a su reutilizaci\u00f3n, conforme a la normativa de transparencia en vigor.<\/p>\n<p>M\u00e1s de <strong>diez a\u00f1os despu\u00e9s de publicadas la Ley<\/strong> estatal y la auton\u00f3mica, ya toca tomarse en serio poner todos los medios necesarios para llevarlas efectivamente a la pr\u00e1ctica \u2013\u2013ha declarado Llorente\u2013\u2013, porque nos encontramos en\u00a0 lo que puede interpretarse como una <strong>\u201canomal\u00eda democr\u00e1tica\u201d<\/strong>.<\/p>\n<p>Esta es una cuesti\u00f3n de <strong>respeto a la ciudadan\u00eda y de compromiso con el funcionamiento democr\u00e1tico del Ayuntamiento<\/strong> \u2013\u2013ha afirmado\u2013\u2013.<\/p>\n<p>En la moci\u00f3n presentada se propone que la Ordenanza Municipal de Transparencia, Acceso, reutilizaci\u00f3n de la informaci\u00f3n y Buen Gobierno tenga como referencia la <strong>Ordenanza tipo propuesta por la Red de Entidades Locales por la transparencia y la participaci\u00f3n ciudadana<\/strong>, integrada en la Federaci\u00f3n Espa\u00f1ola de Municipios y Provincias que apuesta, entre otros asuntos, por una mayor calidad en la informaci\u00f3n a publicar, procurando que la actualizaci\u00f3n de la informaci\u00f3n, su claridad, reutilizaci\u00f3n y accesibilidad sean cada vez mayores y mejores.<\/p>\n","protected":false},"excerpt":{"rendered":"<p>La transparencia y el buen gobierno no pueden ser una mera formalidad. Es una cuesti\u00f3n de actitud, de la que carece el gobierno de la se\u00f1ora Garc\u00eda Chamorro \u2013\u2013ha enfatizado\u2013\u2013.<br \/>\nLa coalici\u00f3n de izquierdas propone la elaboraci\u00f3n de una ordenanza municipal que tenga por objeto garantizar la transparencia en el Ayuntamiento de Motril conforme a lo previsto en las normativas estatal y auton\u00f3mica a trav\u00e9s del establecimiento de unas normas que articulen los medios necesarios para ello, una herramienta con la que cuentan las principales corporaciones municipales y de la que Motril carece.<\/p>\n<p>La ordenanza \u2013\u2013a\u00f1aden\u2013\u2013 debe recoger, asimismo, los principios que regir\u00e1n la actuaci\u00f3n dentro del \u00e1mbito profesional de los cargos electos, el personal directivo y eventual que formen parte de la administraci\u00f3n local, as\u00ed como el derecho de las personas a acceder a la informaci\u00f3n p\u00fablica y a su reutilizaci\u00f3n, conforme a la normativa de transparencia en vigor.<br \/>\nM\u00e1s de diez a\u00f1os despu\u00e9s de publicadas la Ley estatal y la auton\u00f3mica, ya toca tomarse en serio poner todos los medios necesarios para llevarlas efectivamente a la pr\u00e1ctica \u2013\u2013ha declarado Llorente\u2013\u2013, porque nos encontramos en\u00a0 lo que puede interpretarse como una \u201canomal\u00eda democr\u00e1tica\u201d.<\/p>\n<p>Esta es una cuesti\u00f3n de respeto a la ciudadan\u00eda y de compromiso con el funcionamiento democr\u00e1tico del Ayuntamiento \u2013\u2013ha afirmado\u2013\u2013.<br \/>\nEn la moci\u00f3n presentada se propone que la Ordenanza Municipal de Transparencia, Acceso, reutilizaci\u00f3n de la informaci\u00f3n y Buen Gobierno tenga como referencia la Ordenanza tipo propuesta por la Red de Entidades Locales por la transparencia y la participaci\u00f3n ciudadana, integrada en la Federaci\u00f3n Espa\u00f1ola de Municipios y Provincias que apuesta, entre otros asuntos, por una mayor calidad en la informaci\u00f3n a publicar, procurando que la actualizaci\u00f3n de la informaci\u00f3n, su claridad, reutilizaci\u00f3n y accesibilidad sean cada vez mayores y mejores.<\/p>\n","protected":false},"author":1,"featured_media":10335,"comment_status":"open","ping_status":"open","sticky":false,"template":"","format":"standard","meta":{"cybocfi_hide_featured_image":"","_jetpack_newsletter_access":"","_jetpack_dont_email_post_to_subs":false,"_jetpack_newsletter_tier_id":0,"_jetpack_memberships_contains_paywalled_content":false,"_jetpack_memberships_contains_paid_content":false,"footnotes":""},"categories":[7,265,36,275],"tags":[2230,2232,2231,2233,105],"class_list":["post-10333","post","type-post","status-publish","format-standard","has-post-thumbnail","hentry","category-ayuntamiento","category-esta-pasando","category-mociones-pleno","category-propuestas-iumotril","tag-buen-gobierno","tag-gestores","tag-rencion-de-cuentas","tag-responsabilidades-publicas","tag-transparencia"],"jetpack_featured_media_url":"https:\/\/iumotril.org\/sitio\/wp-content\/uploads\/2024\/12\/ley-de-transparencia.png","jetpack_sharing_enabled":true,"jetpack_shortlink":"https:\/\/wp.me\/p4QsU5-2GF","jetpack-related-posts":[{"id":10436,"url":"https:\/\/iumotril.org\/sitio\/reclamamos-la-elaboracion-de-bases-reguladoras-para-la-concesion-de-subvenciones-a-traves-de-una-ordenanza\/","url_meta":{"origin":10333,"position":0},"title":"Reclamamos la elaboraci\u00f3n de bases reguladoras para la concesi\u00f3n de subvenciones a trav\u00e9s de una Ordenanza.","author":"Izquierda Unida Motril","date":"26 febrero, 2025","format":false,"excerpt":"La Ley General de Subvenciones establece como principios regidores del otorgamiento de subvenciones, la transparencia, concurrencia, objetividad, igualdad y no discriminaci\u00f3n, lo cual el Ayuntamiento de Motril est\u00e1 vulnerando al conceder de forma nominativa, es decir directa, el total de las subvenciones informa la Portavoz de IU Verdes Equo, Inma\u2026","rel":"","context":"En \u00abAyuntamiento\u00bb","block_context":{"text":"Ayuntamiento","link":"https:\/\/iumotril.org\/sitio\/category\/ayuntamiento\/"},"img":{"alt_text":"","src":"https:\/\/i0.wp.com\/iumotril.org\/sitio\/wp-content\/uploads\/2025\/02\/ayudas-subvenciones.jpg?resize=350%2C200&ssl=1","width":350,"height":200,"srcset":"https:\/\/i0.wp.com\/iumotril.org\/sitio\/wp-content\/uploads\/2025\/02\/ayudas-subvenciones.jpg?resize=350%2C200&ssl=1 1x, https:\/\/i0.wp.com\/iumotril.org\/sitio\/wp-content\/uploads\/2025\/02\/ayudas-subvenciones.jpg?resize=525%2C300&ssl=1 1.5x, https:\/\/i0.wp.com\/iumotril.org\/sitio\/wp-content\/uploads\/2025\/02\/ayudas-subvenciones.jpg?resize=700%2C400&ssl=1 2x, https:\/\/i0.wp.com\/iumotril.org\/sitio\/wp-content\/uploads\/2025\/02\/ayudas-subvenciones.jpg?resize=1050%2C600&ssl=1 3x"},"classes":[]},{"id":7393,"url":"https:\/\/iumotril.org\/sitio\/el-ayuntamiento-de-motril-gasto-en-2020-mas-de-887-mil-euros-que-no-tenia-presupuestados\/","url_meta":{"origin":10333,"position":1},"title":"El Ayuntamiento de Motril gast\u00f3 en 2020 m\u00e1s de 887 mil euros que no ten\u00eda presupuestados","author":"Izquierda Unida Motril","date":"29 abril, 2021","format":false,"excerpt":"Los vecinos y las vecinas de Motril deben saber que el gobierno de la se\u00f1ora Garc\u00eda Chamorro est\u00e1 llevando a cabo una desastrosa gesti\u00f3n de los recursos municipales que proceden, fundamentalmente, del pago de sus impuestos. El gobierno del PP y C\u2019s est\u00e1 bordeando, cuando no incumpliendo flagrantemente, la normativa\u2026","rel":"","context":"En \u00abAyuntamiento\u00bb","block_context":{"text":"Ayuntamiento","link":"https:\/\/iumotril.org\/sitio\/category\/ayuntamiento\/"},"img":{"alt_text":"","src":"https:\/\/i0.wp.com\/iumotril.org\/sitio\/wp-content\/uploads\/2021\/04\/Jose-e-Inma_29-abril-1024x768.jpg?resize=350%2C200","width":350,"height":200,"srcset":"https:\/\/i0.wp.com\/iumotril.org\/sitio\/wp-content\/uploads\/2021\/04\/Jose-e-Inma_29-abril-1024x768.jpg?resize=350%2C200 1x, https:\/\/i0.wp.com\/iumotril.org\/sitio\/wp-content\/uploads\/2021\/04\/Jose-e-Inma_29-abril-1024x768.jpg?resize=525%2C300 1.5x"},"classes":[]},{"id":1859,"url":"https:\/\/iumotril.org\/sitio\/izquierda-unida-exige-la-inmediata-realizacion-de-la-auditoria-de-la-etapa-de-gestion-del-partido-popular\/","url_meta":{"origin":10333,"position":2},"title":"Izquierda Unida exige la inmediata realizaci\u00f3n de la auditor\u00eda de la etapa de gesti\u00f3n del Partido Popular","author":"Izquierda Unida Motril","date":"28 enero, 2016","format":false,"excerpt":"En el mes de septiembre pasado, por iniciativa de Izquierda Unida se aprob\u00f3 por el Pleno la realizaci\u00f3n de una auditor\u00eda interna de gesti\u00f3n de los \u00faltimos a\u00f1os del PP en el Gobierno. A d\u00eda de hoy, siete meses despu\u00e9s, no se ha movido un papel ni puesto en marcha\u2026","rel":"","context":"En \u00abAyuntamiento\u00bb","block_context":{"text":"Ayuntamiento","link":"https:\/\/iumotril.org\/sitio\/category\/ayuntamiento\/"},"img":{"alt_text":"ayuntamiento-de-motril_565613","src":"https:\/\/i0.wp.com\/iumotril.org\/sitio\/wp-content\/uploads\/2016\/01\/ayuntamiento-de-motril_565613-224x300.jpg?resize=350%2C200","width":350,"height":200},"classes":[]},{"id":1114,"url":"https:\/\/iumotril.org\/sitio\/la-transparencia-es-una-actitud\/","url_meta":{"origin":10333,"position":3},"title":"La transparencia es una actitud","author":"Izquierda Unida Motril","date":"24 julio, 2015","format":false,"excerpt":"El Grupo municipal de Izquierda Unida ha solicitado a Flor Alm\u00f3n, Alcaldesa de Motril, la creaci\u00f3n de una Comisi\u00f3n de Transparencia que aborde la auditor\u00eda de la gesti\u00f3n del Partido Popular al frente del Consistorio, un compromiso recogido en el Acuerdo program\u00e1tico entre el PSOE e Izquierda Unida que propici\u00f3\u2026","rel":"","context":"En \u00abAyuntamiento\u00bb","block_context":{"text":"Ayuntamiento","link":"https:\/\/iumotril.org\/sitio\/category\/ayuntamiento\/"},"img":{"alt_text":"[Ermua.es]","src":"https:\/\/i0.wp.com\/iumotril.org\/sitio\/wp-content\/uploads\/2015\/07\/Transparencia-municipal-ermua.es_.jpg?resize=350%2C200","width":350,"height":200},"classes":[]},{"id":1405,"url":"https:\/\/iumotril.org\/sitio\/iu-destinara-parte-de-la-asignacion-municipal-a-su-grupo-a-causas-de-interes-social\/","url_meta":{"origin":10333,"position":4},"title":"IU DESTINAR\u00c1 PARTE DE LA ASIGNACI\u00d3N MUNICIPAL A SU GRUPO A CAUSAS DE INTER\u00c9S SOCIAL","author":"Izquierda Unida Motril","date":"28 septiembre, 2015","format":false,"excerpt":"El Grupo municipal de Izquierda Unida ha rechazado en solitario la propuesta de modificaci\u00f3n de las bases de ejecuci\u00f3n presupuestaria 2015, en la que se determinan las asignaciones econ\u00f3micas para el funcionamiento del los distintos grupos municipales, al no compartir las cuant\u00edas finalmente establecidas tras estimarse las alegaciones del Partido\u2026","rel":"","context":"En \u00abAyuntamiento\u00bb","block_context":{"text":"Ayuntamiento","link":"https:\/\/iumotril.org\/sitio\/category\/ayuntamiento\/"},"img":{"alt_text":"pleno 28 septiembre_1","src":"https:\/\/i0.wp.com\/iumotril.org\/sitio\/wp-content\/uploads\/2015\/09\/pleno-28-septiembre_1-212x300.jpg?resize=350%2C200","width":350,"height":200},"classes":[]},{"id":2289,"url":"https:\/\/iumotril.org\/sitio\/nepotismo-en-el-ayuntamiento-de-motril\/","url_meta":{"origin":10333,"position":5},"title":"Nepotismo(*) en el Ayuntamiento de Motril","author":"Izquierda Unida Motril","date":"20 julio, 2016","format":false,"excerpt":"Izquierda Unida ha denunciado que varios familiares de concejalas del equipo de gobierno municipal figuran entre los beneficiarios para hacer pr\u00e1cticas en el ayuntamiento de Motril. Por ello, ha solicitado formalmente informaci\u00f3n escrita acerca del procedimiento y criterios de selecci\u00f3n de los siete alumnos y alumnas de diferentes universidades que\u2026","rel":"","context":"En \u00abEST\u00c1 PASANDO\u00bb","block_context":{"text":"EST\u00c1 PASANDO","link":"https:\/\/iumotril.org\/sitio\/category\/esta-pasando\/"},"img":{"alt_text":"alumnos pr\u00e1cticas 2","src":"https:\/\/i0.wp.com\/iumotril.org\/sitio\/wp-content\/uploads\/2016\/07\/alumnos-pr%C3%A1cticas-2-1024x507.jpg?resize=350%2C200","width":350,"height":200,"srcset":"https:\/\/i0.wp.com\/iumotril.org\/sitio\/wp-content\/uploads\/2016\/07\/alumnos-pr%C3%A1cticas-2-1024x507.jpg?resize=350%2C200 1x, https:\/\/i0.wp.com\/iumotril.org\/sitio\/wp-content\/uploads\/2016\/07\/alumnos-pr%C3%A1cticas-2-1024x507.jpg?resize=525%2C300 1.5x"},"classes":[]}],"jetpack_likes_enabled":true,"_links":{"self":[{"href":"https:\/\/iumotril.org\/sitio\/wp-json\/wp\/v2\/posts\/10333","targetHints":{"allow":["GET"]}}],"collection":[{"href":"https:\/\/iumotril.org\/sitio\/wp-json\/wp\/v2\/posts"}],"about":[{"href":"https:\/\/iumotril.org\/sitio\/wp-json\/wp\/v2\/types\/post"}],"author":[{"embeddable":true,"href":"https:\/\/iumotril.org\/sitio\/wp-json\/wp\/v2\/users\/1"}],"replies":[{"embeddable":true,"href":"https:\/\/iumotril.org\/sitio\/wp-json\/wp\/v2\/comments?post=10333"}],"version-history":[{"count":4,"href":"https:\/\/iumotril.org\/sitio\/wp-json\/wp\/v2\/posts\/10333\/revisions"}],"predecessor-version":[{"id":10340,"href":"https:\/\/iumotril.org\/sitio\/wp-json\/wp\/v2\/posts\/10333\/revisions\/10340"}],"wp:featuredmedia":[{"embeddable":true,"href":"https:\/\/iumotril.org\/sitio\/wp-json\/wp\/v2\/media\/10335"}],"wp:attachment":[{"href":"https:\/\/iumotril.org\/sitio\/wp-json\/wp\/v2\/media?parent=10333"}],"wp:term":[{"taxonomy":"category","embeddable":true,"href":"https:\/\/iumotril.org\/sitio\/wp-json\/wp\/v2\/categories?post=10333"},{"taxonomy":"post_tag","embeddable":true,"href":"https:\/\/iumotril.org\/sitio\/wp-json\/wp\/v2\/tags?post=10333"}],"curies":[{"name":"wp","href":"https:\/\/api.w.org\/{rel}","templated":true}]}}