{"id":1033,"date":"2015-07-13T14:01:46","date_gmt":"2015-07-13T12:01:46","guid":{"rendered":"http:\/\/iumotril.org\/sitio\/?p=1033"},"modified":"2015-07-14T13:03:44","modified_gmt":"2015-07-14T11:03:44","slug":"el-centro-de-desarrollo-turistico-la-gran-mentira-del-partido-popular-de-motril","status":"publish","type":"post","link":"https:\/\/iumotril.org\/sitio\/el-centro-de-desarrollo-turistico-la-gran-mentira-del-partido-popular-de-motril\/","title":{"rendered":"EL CENTRO DE DESARROLLO TURISTICO, LA GRAN MENTIRA DEL PARTIDO POPULAR DE MOTRIL"},"content":{"rendered":"<p><strong>El Centro de Desarrollo Tur\u00edstico, que ha costado m\u00e1s de 6 millones de euros, sigue sin tener ning\u00fan uso concreto meses despu\u00e9s de su inauguraci\u00f3n. Los recursos procedentes del Plan Urban para mejorar los barrios de Santa Adela y El Varadero han sido desaprovechados por la ineficiente gesti\u00f3n realizada por el anterior gobierno municipal del Partido Popular.<\/strong><\/p>\n<p>El Centro de Desarrollo Tur\u00edstico fue uno de los proyectos estrella del Partido Popular en su \u00faltima etapa de gobierno. Una obra fara\u00f3nica que ha costado a los motrile\u00f1os 6,3 millones de euros, el 50 por ciento de los m\u00e1s de 12 millones del Plan Urban para la mejora de los barrios de Santa Adela y El Varadero. De este modo, se han derrochado estos recursos destinando la mayor parte de los dineros a la construcci\u00f3n de un edificio que, finalmente, es solo fachada y que no tiene ning\u00fan funcionamiento concreto.<\/p>\n<p><a href=\"https:\/\/iumotril.org\/sitio\/wp-content\/uploads\/2015\/07\/urban-1.jpg\"><img loading=\"lazy\" decoding=\"async\" data-attachment-id=\"1045\" data-permalink=\"https:\/\/iumotril.org\/sitio\/el-centro-de-desarrollo-turistico-la-gran-mentira-del-partido-popular-de-motril\/urban-1\/\" data-orig-file=\"https:\/\/iumotril.org\/sitio\/wp-content\/uploads\/2015\/07\/urban-1.jpg\" data-orig-size=\"1748,2480\" data-comments-opened=\"1\" data-image-meta=\"{&quot;aperture&quot;:&quot;0&quot;,&quot;credit&quot;:&quot;&quot;,&quot;camera&quot;:&quot;&quot;,&quot;caption&quot;:&quot;&quot;,&quot;created_timestamp&quot;:&quot;0&quot;,&quot;copyright&quot;:&quot;&quot;,&quot;focal_length&quot;:&quot;0&quot;,&quot;iso&quot;:&quot;0&quot;,&quot;shutter_speed&quot;:&quot;0&quot;,&quot;title&quot;:&quot;&quot;,&quot;orientation&quot;:&quot;1&quot;}\" data-image-title=\"urban 1\" data-image-description=\"\" data-image-caption=\"\" data-large-file=\"https:\/\/iumotril.org\/sitio\/wp-content\/uploads\/2015\/07\/urban-1-722x1024.jpg\" class=\"alignleft size-medium wp-image-1045\" src=\"https:\/\/iumotril.org\/sitio\/wp-content\/uploads\/2015\/07\/urban-1-211x300.jpg\" alt=\"urban 1\" width=\"211\" height=\"300\" srcset=\"https:\/\/iumotril.org\/sitio\/wp-content\/uploads\/2015\/07\/urban-1-211x300.jpg 211w, https:\/\/iumotril.org\/sitio\/wp-content\/uploads\/2015\/07\/urban-1-768x1090.jpg 768w, https:\/\/iumotril.org\/sitio\/wp-content\/uploads\/2015\/07\/urban-1-722x1024.jpg 722w, https:\/\/iumotril.org\/sitio\/wp-content\/uploads\/2015\/07\/urban-1.jpg 1748w\" sizes=\"auto, (max-width: 211px) 100vw, 211px\" \/><\/a>Ni su construcci\u00f3n \u2013que no ha dado empleo a ning\u00fan trabajador motrile\u00f1o y ha sido realizada por grandes constructoras nacionales&#8211;\u00a0 ni sus posibles usos suponen ning\u00fan beneficio para los vecinos de barrio. Meses despu\u00e9s de su inauguraci\u00f3n oficial, el Centro no tiene ninguna actividad; sin embargo ya \u00a0supone un gasto de mantenimiento anual para las arcas municipales de 100 mil euros.<\/p>\n<p>Como han comprobado en una visita a sus instalaciones las concejalas del Grupo Municipal de Izquierda Unida, Daniela Paqu\u00e9 e Inma Omiste, el Centro de Desarrollo Tur\u00edstico es s\u00f3lo fachada, puro maquillaje: instalaciones sin terminar, obras inacabadas, s\u00f3lo fachada que, sin embargo, han sido recepcionadas por el Ayuntamiento.\u00a0 El PP dej\u00f3 a medio hacer todas las instalaciones interiores para acabar el exterior del edificio y as\u00ed\u00a0 poder iluminarlo y utilizarlo como bandera electoral.<\/p>\n<p>Para Daniela Paqu\u00e9, portavoz del Grupo Municipal de Izquierda Unida, estamos ante nuestro aeropuerto de Castell\u00f3n. Como ese aeropuerto sin aviones, este Centro Desarrollo Tur\u00edstico est\u00e1 vac\u00edo, sin desarrollar y sin turistas. Estamos ante una nueva actuaci\u00f3n que supone un despilfarro evidente de fondos p\u00fablicos que resulta indecente, ha manifestado.<\/p>\n<p>A la vista de la situaci\u00f3n de las instalaciones, Paqu\u00e9 ha exigido al equipo de Gobierno municipal la realizaci\u00f3n de una auditor\u00eda econ\u00f3mica y de la gesti\u00f3n que el Partido Popular ha realizado del Plan Urban. Asimismo, ha solicitado la elaboraci\u00f3n de un plan de actuaci\u00f3n urgente que permita la mayor utilizaci\u00f3n posible del Centro de Desarrollo en beneficio de los vecinos de El Varadero y Santa Adela, de la ciudad de Motril y de sus ciudadanos.<\/p>\n<p>Por su parte, Inma Omiste, responsable del \u00c1rea de Proyectos del Grupo Municipal, inform\u00f3 de que el Plan Urban para la mejora de Santa Adela y El Varadero tiene pendiente de ejecuci\u00f3n m\u00e1s de 1,1 millones de euros para destinar a diferentes actuaciones que tendr\u00e1n que ser ejecutadas con anterioridad al 31 de diciembre.<\/p>\n<p>Urge decidir estas actuaciones y acometerlas si no se quiere desaprovechar estos recursos, manifest\u00f3, a la vez que ha reclamado al equipo de Gobierno que d\u00e9 la mayor participaci\u00f3n posible a los vecinos y vecinas del barrio en la toma de decisi\u00f3n sobre la actuaciones necesarias a desarrollar as\u00ed como la b\u00fasqueda del mayor consenso posible con todos los grupos municipales para su ejecuci\u00f3n.<\/p>\n<p>Desde Izquierda Unida defendemos otra manera de hacer pol\u00edtica. Por eso, estamos promoviendo la participaci\u00f3n de los vecinos\/as a trav\u00e9s de asambleas informativas, como la que se ha convocado ma\u00f1ana en el centro multifuncional de El Varadero para\u00a0 informar de la situaci\u00f3n de este proyecto y conocer y debatir con ellos y ellas las diferentes propuestas de mejora que puedan realizar.<\/p>\n<table>\n<tbody>\n<tr>\n<td><a href=\"https:\/\/iumotril.org\/sitio\/wp-content\/uploads\/2015\/07\/8-reducida.jpg\"><img loading=\"lazy\" decoding=\"async\" data-attachment-id=\"1050\" data-permalink=\"https:\/\/iumotril.org\/sitio\/el-centro-de-desarrollo-turistico-la-gran-mentira-del-partido-popular-de-motril\/8-reducida\/\" data-orig-file=\"https:\/\/iumotril.org\/sitio\/wp-content\/uploads\/2015\/07\/8-reducida.jpg\" data-orig-size=\"797,449\" data-comments-opened=\"1\" data-image-meta=\"{&quot;aperture&quot;:&quot;2.2&quot;,&quot;credit&quot;:&quot;&quot;,&quot;camera&quot;:&quot;SM-N910F&quot;,&quot;caption&quot;:&quot;&quot;,&quot;created_timestamp&quot;:&quot;1436262894&quot;,&quot;copyright&quot;:&quot;&quot;,&quot;focal_length&quot;:&quot;4.8&quot;,&quot;iso&quot;:&quot;80&quot;,&quot;shutter_speed&quot;:&quot;0.0083333333333333&quot;,&quot;title&quot;:&quot;&quot;,&quot;orientation&quot;:&quot;1&quot;}\" data-image-title=\"8 reducida\" data-image-description=\"\" data-image-caption=\"\" data-large-file=\"https:\/\/iumotril.org\/sitio\/wp-content\/uploads\/2015\/07\/8-reducida.jpg\" class=\"size-thumbnail wp-image-1050\" src=\"https:\/\/iumotril.org\/sitio\/wp-content\/uploads\/2015\/07\/8-reducida-150x150.jpg\" alt=\"8 reducida\" width=\"150\" height=\"150\" srcset=\"https:\/\/iumotril.org\/sitio\/wp-content\/uploads\/2015\/07\/8-reducida-150x150.jpg 150w, https:\/\/iumotril.org\/sitio\/wp-content\/uploads\/2015\/07\/8-reducida-36x36.jpg 36w, https:\/\/iumotril.org\/sitio\/wp-content\/uploads\/2015\/07\/8-reducida-115x115.jpg 115w\" sizes=\"auto, (max-width: 150px) 100vw, 150px\" \/><\/a><\/td>\n<td style=\"text-align: center;\"><a href=\"https:\/\/iumotril.org\/sitio\/wp-content\/uploads\/2015\/07\/3-reducida.jpg\"><img loading=\"lazy\" decoding=\"async\" data-attachment-id=\"1049\" data-permalink=\"https:\/\/iumotril.org\/sitio\/el-centro-de-desarrollo-turistico-la-gran-mentira-del-partido-popular-de-motril\/3-reducida\/\" data-orig-file=\"https:\/\/iumotril.org\/sitio\/wp-content\/uploads\/2015\/07\/3-reducida.jpg\" data-orig-size=\"797,449\" data-comments-opened=\"1\" data-image-meta=\"{&quot;aperture&quot;:&quot;2.2&quot;,&quot;credit&quot;:&quot;&quot;,&quot;camera&quot;:&quot;SM-N910F&quot;,&quot;caption&quot;:&quot;&quot;,&quot;created_timestamp&quot;:&quot;1436260984&quot;,&quot;copyright&quot;:&quot;&quot;,&quot;focal_length&quot;:&quot;4.8&quot;,&quot;iso&quot;:&quot;125&quot;,&quot;shutter_speed&quot;:&quot;0.041666666666667&quot;,&quot;title&quot;:&quot;&quot;,&quot;orientation&quot;:&quot;1&quot;}\" data-image-title=\"3 reducida\" data-image-description=\"\" data-image-caption=\"\" data-large-file=\"https:\/\/iumotril.org\/sitio\/wp-content\/uploads\/2015\/07\/3-reducida.jpg\" class=\"alignleft size-thumbnail wp-image-1049\" src=\"https:\/\/iumotril.org\/sitio\/wp-content\/uploads\/2015\/07\/3-reducida-150x150.jpg\" alt=\"3 reducida\" width=\"150\" height=\"150\" srcset=\"https:\/\/iumotril.org\/sitio\/wp-content\/uploads\/2015\/07\/3-reducida-150x150.jpg 150w, https:\/\/iumotril.org\/sitio\/wp-content\/uploads\/2015\/07\/3-reducida-36x36.jpg 36w, https:\/\/iumotril.org\/sitio\/wp-content\/uploads\/2015\/07\/3-reducida-115x115.jpg 115w\" sizes=\"auto, (max-width: 150px) 100vw, 150px\" \/><\/a><\/td>\n<td style=\"text-align: center;\"><a href=\"https:\/\/iumotril.org\/sitio\/wp-content\/uploads\/2015\/07\/1-reducida.jpg\"><img loading=\"lazy\" decoding=\"async\" data-attachment-id=\"1048\" data-permalink=\"https:\/\/iumotril.org\/sitio\/el-centro-de-desarrollo-turistico-la-gran-mentira-del-partido-popular-de-motril\/1-reducida\/\" data-orig-file=\"https:\/\/iumotril.org\/sitio\/wp-content\/uploads\/2015\/07\/1-reducida.jpg\" data-orig-size=\"851,479\" data-comments-opened=\"1\" data-image-meta=\"{&quot;aperture&quot;:&quot;2.2&quot;,&quot;credit&quot;:&quot;&quot;,&quot;camera&quot;:&quot;SM-N910F&quot;,&quot;caption&quot;:&quot;&quot;,&quot;created_timestamp&quot;:&quot;1436263024&quot;,&quot;copyright&quot;:&quot;&quot;,&quot;focal_length&quot;:&quot;4.8&quot;,&quot;iso&quot;:&quot;100&quot;,&quot;shutter_speed&quot;:&quot;0.033333333333333&quot;,&quot;title&quot;:&quot;&quot;,&quot;orientation&quot;:&quot;1&quot;}\" data-image-title=\"1 reducida\" data-image-description=\"\" data-image-caption=\"\" data-large-file=\"https:\/\/iumotril.org\/sitio\/wp-content\/uploads\/2015\/07\/1-reducida.jpg\" class=\"alignleft size-thumbnail wp-image-1048\" src=\"https:\/\/iumotril.org\/sitio\/wp-content\/uploads\/2015\/07\/1-reducida-150x150.jpg\" alt=\"1 reducida\" width=\"150\" height=\"150\" srcset=\"https:\/\/iumotril.org\/sitio\/wp-content\/uploads\/2015\/07\/1-reducida-150x150.jpg 150w, https:\/\/iumotril.org\/sitio\/wp-content\/uploads\/2015\/07\/1-reducida-36x36.jpg 36w, https:\/\/iumotril.org\/sitio\/wp-content\/uploads\/2015\/07\/1-reducida-115x115.jpg 115w\" sizes=\"auto, (max-width: 150px) 100vw, 150px\" \/><\/a><\/td>\n<td style=\"text-align: center;\"><a href=\"https:\/\/iumotril.org\/sitio\/wp-content\/uploads\/2015\/07\/20150707_115454.jpg\"><img loading=\"lazy\" decoding=\"async\" data-attachment-id=\"1047\" data-permalink=\"https:\/\/iumotril.org\/sitio\/el-centro-de-desarrollo-turistico-la-gran-mentira-del-partido-popular-de-motril\/20150707_115454\/\" data-orig-file=\"https:\/\/iumotril.org\/sitio\/wp-content\/uploads\/2015\/07\/20150707_115454.jpg\" data-orig-size=\"5312,2988\" data-comments-opened=\"1\" data-image-meta=\"{&quot;aperture&quot;:&quot;2.2&quot;,&quot;credit&quot;:&quot;&quot;,&quot;camera&quot;:&quot;SM-N910F&quot;,&quot;caption&quot;:&quot;&quot;,&quot;created_timestamp&quot;:&quot;1436262894&quot;,&quot;copyright&quot;:&quot;&quot;,&quot;focal_length&quot;:&quot;4.8&quot;,&quot;iso&quot;:&quot;80&quot;,&quot;shutter_speed&quot;:&quot;0.0083333333333333&quot;,&quot;title&quot;:&quot;&quot;,&quot;orientation&quot;:&quot;1&quot;}\" data-image-title=\"20150707_115454\" data-image-description=\"\" data-image-caption=\"\" data-large-file=\"https:\/\/iumotril.org\/sitio\/wp-content\/uploads\/2015\/07\/20150707_115454-1024x576.jpg\" class=\"alignleft size-thumbnail wp-image-1047\" src=\"https:\/\/iumotril.org\/sitio\/wp-content\/uploads\/2015\/07\/20150707_115454-150x150.jpg\" alt=\"20150707_115454\" width=\"150\" height=\"150\" srcset=\"https:\/\/iumotril.org\/sitio\/wp-content\/uploads\/2015\/07\/20150707_115454-150x150.jpg 150w, https:\/\/iumotril.org\/sitio\/wp-content\/uploads\/2015\/07\/20150707_115454-36x36.jpg 36w, https:\/\/iumotril.org\/sitio\/wp-content\/uploads\/2015\/07\/20150707_115454-115x115.jpg 115w\" sizes=\"auto, (max-width: 150px) 100vw, 150px\" \/><\/a><\/td>\n<\/tr>\n<\/tbody>\n<\/table>\n","protected":false},"excerpt":{"rendered":"<p>El Centro de Desarrollo Tur\u00edstico, que ha costado m\u00e1s de 6 millones de euros, sigue sin tener ning\u00fan uso concreto meses despu\u00e9s de su inauguraci\u00f3n. Los recursos procedentes del Plan Urban para mejorar los barrios de Santa Adela y El Varadero han sido desaprovechados por la ineficiente gesti\u00f3n realizada por el anterior gobierno municipal del Partido Popular.<br \/>\nA la vista de la situaci\u00f3n de las instalaciones, Paqu\u00e9 ha exigido al equipo de Gobierno municipal la realizaci\u00f3n de una auditor\u00eda econ\u00f3mica y de la gesti\u00f3n que el Partido Popular ha realizado del Plan Urban. Asimismo, ha solicitado la elaboraci\u00f3n de un plan de actuaci\u00f3n urgente que permita la mayor utilizaci\u00f3n posible del Centro de Desarrollo en beneficio de los vecinos de El Varadero y Santa Adela, de la ciudad de Motril y de sus ciudadanos.<\/p>\n","protected":false},"author":1,"featured_media":0,"comment_status":"open","ping_status":"open","sticky":false,"template":"","format":"standard","meta":{"cybocfi_hide_featured_image":"","_jetpack_newsletter_access":"","_jetpack_dont_email_post_to_subs":false,"_jetpack_newsletter_tier_id":0,"_jetpack_memberships_contains_paywalled_content":false,"_jetpack_memberships_contains_paid_content":false,"footnotes":""},"categories":[16],"tags":[176,118,84,115,93,119,122],"class_list":["post-1033","post","type-post","status-publish","format-standard","hentry","category-turismo","tag-auditoria","tag-centro-desarrollo-turistico","tag-daniela-paque","tag-inma-omiste","tag-motril","tag-pp","tag-urban"],"jetpack_featured_media_url":"","jetpack_sharing_enabled":true,"jetpack_shortlink":"https:\/\/wp.me\/p4QsU5-gF","jetpack-related-posts":[{"id":1114,"url":"https:\/\/iumotril.org\/sitio\/la-transparencia-es-una-actitud\/","url_meta":{"origin":1033,"position":0},"title":"La transparencia es una actitud","author":"Izquierda Unida Motril","date":"24 julio, 2015","format":false,"excerpt":"El Grupo municipal de Izquierda Unida ha solicitado a Flor Alm\u00f3n, Alcaldesa de Motril, la creaci\u00f3n de una Comisi\u00f3n de Transparencia que aborde la auditor\u00eda de la gesti\u00f3n del Partido Popular al frente del Consistorio, un compromiso recogido en el Acuerdo program\u00e1tico entre el PSOE e Izquierda Unida que propici\u00f3\u2026","rel":"","context":"En \u00abAyuntamiento\u00bb","block_context":{"text":"Ayuntamiento","link":"https:\/\/iumotril.org\/sitio\/category\/ayuntamiento\/"},"img":{"alt_text":"[Ermua.es]","src":"https:\/\/i0.wp.com\/iumotril.org\/sitio\/wp-content\/uploads\/2015\/07\/Transparencia-municipal-ermua.es_.jpg?resize=350%2C200","width":350,"height":200},"classes":[]},{"id":1054,"url":"https:\/\/iumotril.org\/sitio\/los-vecinosas-reclaman-participacion-en-las-propuestas-de-actuacion-de-mejora-de-sus-barrios\/","url_meta":{"origin":1033,"position":1},"title":"LOS VECINOS\/AS RECLAMAN PARTICIPACI\u00d3N EN LAS PROPUESTAS DE ACTUACI\u00d3N DE MEJORA DE SUS BARRIOS","author":"Izquierda Unida Motril","date":"15 julio, 2015","format":false,"excerpt":"Los concejales del Grupo Municipal de Izquierda Unida, Daniela Paqu\u00e9, Christian Linares e Inma Omiste se reunieron ayer con un grupo de vecinos y vecinas de estos barrios en el Centro Multifuncional de El Varadero, poni\u00e9ndose a su disposici\u00f3n para trasladar al equipo de Gobierno municipal sus inquietudes y propuestas\u2026","rel":"","context":"En \u00abAyuntamiento\u00bb","block_context":{"text":"Ayuntamiento","link":"https:\/\/iumotril.org\/sitio\/category\/ayuntamiento\/"},"img":{"alt_text":"IMG-20150715-WA0007","src":"https:\/\/i0.wp.com\/iumotril.org\/sitio\/wp-content\/uploads\/2015\/07\/IMG-20150715-WA0007-300x168.jpg?resize=350%2C200","width":350,"height":200},"classes":[]},{"id":885,"url":"https:\/\/iumotril.org\/sitio\/izquierda-unida-reclama-la-puesta-en-funcionamiento-del-centro-de-desarrollo-turistico\/","url_meta":{"origin":1033,"position":2},"title":"Izquierda Unida reclama la puesta en funcionamiento del Centro de Desarrollo Tur\u00edstico","author":"Izquierda Unida Motril","date":"6 junio, 2015","format":false,"excerpt":"Los cuantiosos gastos que se destinar\u00e1n a los actos de inauguraci\u00f3n deber\u00edan dedicarse a la puesta en funcionamiento del Centro para dotarlo de actividad en beneficio del barrio de Santa Adela y de la ciudad de Motril. De momento, el \u00fanico uso previsto es la apertura del la Oficina de\u2026","rel":"","context":"En \u00abAyuntamiento\u00bb","block_context":{"text":"Ayuntamiento","link":"https:\/\/iumotril.org\/sitio\/category\/ayuntamiento\/"},"img":{"alt_text":"Centro Desarrollo Tur\u00edstico","src":"https:\/\/i0.wp.com\/iumotril.org\/sitio\/wp-content\/uploads\/2015\/06\/CDT-300x225.jpg?resize=350%2C200","width":350,"height":200},"classes":[]},{"id":7899,"url":"https:\/\/iumotril.org\/sitio\/iu-equo-propone-instalar-la-biblioteca-de-santa-adela-en-dependencias-del-centro-de-desarrollo-turistico\/","url_meta":{"origin":1033,"position":3},"title":"IU-Equo propone instalar la biblioteca de Santa Adela en dependencias del Centro de Desarrollo Tur\u00edstico","author":"Izquierda Unida Motril","date":"20 diciembre, 2021","format":false,"excerpt":"Para IU-Equo, en una barriada popular como Santa Adela, en la que viven fundamentalmente familias trabajadoras, es esencial contar con equipamientos p\u00fablicos adecuados que favorezcan la mejora de sus condiciones de vida, sobre todo en aquello que tiene que ver con la educaci\u00f3n y con la cultura, como herramientas en\u2026","rel":"","context":"En \u00abAyuntamiento\u00bb","block_context":{"text":"Ayuntamiento","link":"https:\/\/iumotril.org\/sitio\/category\/ayuntamiento\/"},"img":{"alt_text":"","src":"https:\/\/i0.wp.com\/iumotril.org\/sitio\/wp-content\/uploads\/2021\/12\/Inma-20-diciembre.jpg?resize=350%2C200","width":350,"height":200,"srcset":"https:\/\/i0.wp.com\/iumotril.org\/sitio\/wp-content\/uploads\/2021\/12\/Inma-20-diciembre.jpg?resize=350%2C200 1x, https:\/\/i0.wp.com\/iumotril.org\/sitio\/wp-content\/uploads\/2021\/12\/Inma-20-diciembre.jpg?resize=525%2C300 1.5x, https:\/\/i0.wp.com\/iumotril.org\/sitio\/wp-content\/uploads\/2021\/12\/Inma-20-diciembre.jpg?resize=700%2C400 2x, https:\/\/i0.wp.com\/iumotril.org\/sitio\/wp-content\/uploads\/2021\/12\/Inma-20-diciembre.jpg?resize=1050%2C600 3x, https:\/\/i0.wp.com\/iumotril.org\/sitio\/wp-content\/uploads\/2021\/12\/Inma-20-diciembre.jpg?resize=1400%2C800 4x"},"classes":[]},{"id":5020,"url":"https:\/\/iumotril.org\/sitio\/inma-omiste-impulsaremos-el-desarrollo-de-un-puerto-abierto-e-integrado-en-la-ciudad\/","url_meta":{"origin":1033,"position":4},"title":"Inma Omiste: Impulsaremos el desarrollo de un Puerto abierto e integrado en la ciudad","author":"Izquierda Unida Motril","date":"15 mayo, 2019","format":false,"excerpt":"El programa de gobierno de IU-Equo propone la apertura progresiva de las instalaciones del Puerto pesquero a la ciudadan\u00eda y la rehabilitaci\u00f3n integral de los barrios de Santa Adela y Varadero para dotarlos de actividad comercial y de atractivo tur\u00edstico y atajar, de ese modo, la brecha de exclusi\u00f3n social\u2026","rel":"","context":"En \u00abElecciones\u00bb","block_context":{"text":"Elecciones","link":"https:\/\/iumotril.org\/sitio\/category\/elecciones\/"},"img":{"alt_text":"","src":"https:\/\/i0.wp.com\/iumotril.org\/sitio\/wp-content\/uploads\/2019\/05\/Jose-Llorente-Daniela-Paque%CC%81-Inma-Omiste-y-Juan-Luis-Valdivieso-candidatas-IU-Equo_15-mayo-1024x683.jpg?resize=350%2C200","width":350,"height":200},"classes":[]},{"id":2114,"url":"https:\/\/iumotril.org\/sitio\/izquierda-unida-denuncia-el-deterioro-de-los-equipamientos-y-servicios-de-el-varadero\/","url_meta":{"origin":1033,"position":5},"title":"Izquierda Unida denuncia el deterioro de los equipamientos y servicios de El Varadero","author":"Izquierda Unida Motril","date":"19 mayo, 2016","format":false,"excerpt":"En la visita que han realizado al barrio de El Varadero, al Centro de d\u00eda y a otros instalaciones de la zona, los concejales de Izquierda Unida ha podido verificar la lamentable situaci\u00f3n y el deterioro que los vecinos y vecinas llevan tiempo denunciando: un barrio abandonado a su suerte\u2026","rel":"","context":"En \u00abCiudad\u00bb","block_context":{"text":"Ciudad","link":"https:\/\/iumotril.org\/sitio\/category\/ciudad\/"},"img":{"alt_text":"","src":"https:\/\/i0.wp.com\/iumotril.org\/sitio\/wp-content\/uploads\/2016\/05\/El-Varadero_5-150x150.jpg?resize=350%2C200&ssl=1","width":350,"height":200,"srcset":"https:\/\/i0.wp.com\/iumotril.org\/sitio\/wp-content\/uploads\/2016\/05\/El-Varadero_5-150x150.jpg?resize=350%2C200&ssl=1 1x, https:\/\/i0.wp.com\/iumotril.org\/sitio\/wp-content\/uploads\/2016\/05\/El-Varadero_5-150x150.jpg?resize=525%2C300&ssl=1 1.5x, https:\/\/i0.wp.com\/iumotril.org\/sitio\/wp-content\/uploads\/2016\/05\/El-Varadero_5-150x150.jpg?resize=700%2C400&ssl=1 2x"},"classes":[]}],"jetpack_likes_enabled":true,"_links":{"self":[{"href":"https:\/\/iumotril.org\/sitio\/wp-json\/wp\/v2\/posts\/1033","targetHints":{"allow":["GET"]}}],"collection":[{"href":"https:\/\/iumotril.org\/sitio\/wp-json\/wp\/v2\/posts"}],"about":[{"href":"https:\/\/iumotril.org\/sitio\/wp-json\/wp\/v2\/types\/post"}],"author":[{"embeddable":true,"href":"https:\/\/iumotril.org\/sitio\/wp-json\/wp\/v2\/users\/1"}],"replies":[{"embeddable":true,"href":"https:\/\/iumotril.org\/sitio\/wp-json\/wp\/v2\/comments?post=1033"}],"version-history":[{"count":7,"href":"https:\/\/iumotril.org\/sitio\/wp-json\/wp\/v2\/posts\/1033\/revisions"}],"predecessor-version":[{"id":1052,"href":"https:\/\/iumotril.org\/sitio\/wp-json\/wp\/v2\/posts\/1033\/revisions\/1052"}],"wp:attachment":[{"href":"https:\/\/iumotril.org\/sitio\/wp-json\/wp\/v2\/media?parent=1033"}],"wp:term":[{"taxonomy":"category","embeddable":true,"href":"https:\/\/iumotril.org\/sitio\/wp-json\/wp\/v2\/categories?post=1033"},{"taxonomy":"post_tag","embeddable":true,"href":"https:\/\/iumotril.org\/sitio\/wp-json\/wp\/v2\/tags?post=1033"}],"curies":[{"name":"wp","href":"https:\/\/api.w.org\/{rel}","templated":true}]}}