{"id":1025,"date":"2015-07-11T12:18:42","date_gmt":"2015-07-11T10:18:42","guid":{"rendered":"http:\/\/iumotril.org\/sitio\/?p=1025"},"modified":"2015-07-11T12:18:42","modified_gmt":"2015-07-11T10:18:42","slug":"vuelven-los-comportamientos-racistas-a-algunos-chiringuitos-de-la-playa-de-motril","status":"publish","type":"post","link":"https:\/\/iumotril.org\/sitio\/vuelven-los-comportamientos-racistas-a-algunos-chiringuitos-de-la-playa-de-motril\/","title":{"rendered":"Vuelven los comportamientos racistas a algunos chiringuitos de la playa de Motril"},"content":{"rendered":"<p>Un verano m\u00e1s el racismo se instala en algunos de los chiringuitos de nuestra ciudad. La zona de copas de playa Granada \u00a0se convierte en un espacio elitista en el cual la comunidad gitana tiene muy dif\u00edcil el acceso, seg\u00fan han puesto en conocimiento de Izquierda Unida diversos personas que han vivido esta situaci\u00f3n y representantes de asociaciones gitanas que se han hecho eco de estas denuncias.<\/p>\n<figure id=\"attachment_1036\" aria-describedby=\"caption-attachment-1036\" style=\"width: 300px\" class=\"wp-caption alignleft\"><a href=\"https:\/\/iumotril.org\/sitio\/wp-content\/uploads\/2015\/07\/vidasg.jpg\"><img loading=\"lazy\" decoding=\"async\" data-attachment-id=\"1036\" data-permalink=\"https:\/\/iumotril.org\/sitio\/vuelven-los-comportamientos-racistas-a-algunos-chiringuitos-de-la-playa-de-motril\/vidasg\/\" data-orig-file=\"https:\/\/iumotril.org\/sitio\/wp-content\/uploads\/2015\/07\/vidasg.jpg\" data-orig-size=\"800,450\" data-comments-opened=\"1\" data-image-meta=\"{&quot;aperture&quot;:&quot;0&quot;,&quot;credit&quot;:&quot;&quot;,&quot;camera&quot;:&quot;&quot;,&quot;caption&quot;:&quot;&quot;,&quot;created_timestamp&quot;:&quot;0&quot;,&quot;copyright&quot;:&quot;&quot;,&quot;focal_length&quot;:&quot;0&quot;,&quot;iso&quot;:&quot;0&quot;,&quot;shutter_speed&quot;:&quot;0&quot;,&quot;title&quot;:&quot;&quot;,&quot;orientation&quot;:&quot;1&quot;}\" data-image-title=\"vidasg\" data-image-description=\"\" data-image-caption=\"&lt;p&gt;ccminai.org&lt;\/p&gt;\n\" data-large-file=\"https:\/\/iumotril.org\/sitio\/wp-content\/uploads\/2015\/07\/vidasg.jpg\" class=\"size-medium wp-image-1036\" src=\"https:\/\/iumotril.org\/sitio\/wp-content\/uploads\/2015\/07\/vidasg-300x169.jpg\" alt=\"ccminai.org\" width=\"300\" height=\"169\" srcset=\"https:\/\/iumotril.org\/sitio\/wp-content\/uploads\/2015\/07\/vidasg-300x169.jpg 300w, https:\/\/iumotril.org\/sitio\/wp-content\/uploads\/2015\/07\/vidasg-768x432.jpg 768w, https:\/\/iumotril.org\/sitio\/wp-content\/uploads\/2015\/07\/vidasg-195x110.jpg 195w, https:\/\/iumotril.org\/sitio\/wp-content\/uploads\/2015\/07\/vidasg.jpg 800w\" sizes=\"auto, (max-width: 300px) 100vw, 300px\" \/><\/a><figcaption id=\"caption-attachment-1036\" class=\"wp-caption-text\">ccminai.org<\/figcaption><\/figure>\n<p>No es algo nuevo, sucede a\u00f1o tras a\u00f1o con la llegada del verano. Diversos chiringuitos de copas de la playa de Motril proh\u00edben la entrada tanto a personas que pertenecen a la comunidad gitana como a gente que parecen serlo. Con independencia de su atuendo o de los criterios de ingreso y conducta en el interior del local y de forma arbitraria estos establecimientos les niegan el derecho al acceso a sus instalaciones con argumentos vac\u00edos o con el recurrido pretexto del derecho de admisi\u00f3n.<\/p>\n<p>Francis Torcuato, coordinador Izquierda Unida ha manifestado que su formaci\u00f3n no tolerar\u00e1 que en establecimientos p\u00fablicos de Motril se den impunemente comportamientos racistas, discriminatorios o xen\u00f3fobos con ning\u00fan ciudadano\/a por lo que su formaci\u00f3n estar\u00e1 vigilante para denunciar p\u00fablicamente estos hechos y canalizar las correspondientes denuncias, que de momento se refieren a dos conocidos chiringuitos de Playa Granada.<\/p>\n<p>Para Torcuato estas pr\u00e1cticas racistas son una herencia evidente de 10 a\u00f1os de gobierno del Partido Popular en Motril que con sus pol\u00edticas clasistas ha intentado arrinconar a las clases populares, incluso en las playas a las que se han pretendido conformar como playas de pobres y playas de ricos.<\/p>\n<p>A la vista de estos intolerables hechos, Izquierda Unida ha reclamado al nuevo equipo de Gobierno municipal una actitud decidida e inequ\u00edvoca para impedir que contin\u00faen produci\u00e9ndose actuaciones de este car\u00e1cter y para promover a trav\u00e9s de medidas y pol\u00edticas de informaci\u00f3n y sensibilizaci\u00f3n la promoci\u00f3n de comportamientos c\u00edvicos hacia cualquier persona.<\/p>\n<p>El coordinador de Izquierda Unida ha recomendado a todas las personas que puedan verse afectadas por comportamientos de este tipo a que eviten cualquier provocaci\u00f3n o conflicto con los responsables de los establecimientos, lo pongan en conocimiento de la Polic\u00eda Local y denuncien la situaci\u00f3n. Torcuato ha manifestado que su organizaci\u00f3n est\u00e1 trabajando con la comunidad gitana y que est\u00e1 en disposici\u00f3n de prestar todo el apoyo y asesoramiento necesario en la tramitaci\u00f3n de sus denuncias.<\/p>\n","protected":false},"excerpt":{"rendered":"<p>Izquierda Unida ha reclamado al nuevo equipo de Gobierno municipal una actitud decidida e inequ\u00edvoca para impedir que contin\u00faen produci\u00e9ndose actuaciones de este car\u00e1cter y para promover a trav\u00e9s de medidas y pol\u00edticas de informaci\u00f3n y sensibilizaci\u00f3n la promoci\u00f3n de comportamientos c\u00edvicos hacia cualquier persona.<\/p>\n","protected":false},"author":1,"featured_media":0,"comment_status":"open","ping_status":"open","sticky":false,"template":"","format":"standard","meta":{"cybocfi_hide_featured_image":"","_jetpack_newsletter_access":"","_jetpack_dont_email_post_to_subs":false,"_jetpack_newsletter_tier_id":0,"_jetpack_memberships_contains_paywalled_content":false,"_jetpack_memberships_contains_paid_content":false,"footnotes":""},"categories":[22],"tags":[174,173,171,170,93,175,169,172],"class_list":["post-1025","post","type-post","status-publish","format-standard","hentry","category-playas","tag-ciudadania","tag-civismo","tag-etnias","tag-gitanos","tag-motril","tag-playa-granada","tag-racismo","tag-xenofobia"],"jetpack_featured_media_url":"","jetpack_sharing_enabled":true,"jetpack_shortlink":"https:\/\/wp.me\/p4QsU5-gx","jetpack-related-posts":[{"id":9722,"url":"https:\/\/iumotril.org\/sitio\/iu-verdes-equo-critica-y-rechaza-el-modelo-de-crecimiento-propuesto-por-el-gobierno-local-para-motril\/","url_meta":{"origin":1025,"position":0},"title":"IU Verdes Equo critica y rechaza el modelo de crecimiento propuesto por el gobierno local para Motril","author":"Izquierda Unida Motril","date":"20 enero, 2024","format":false,"excerpt":"Inma Omiste ha declarado que est\u00e1 muy bien que se lleven a cabo actuaciones en la ciudad y en su t\u00e9rmino municipal, pero lo deseable es que sea en beneficio de todos, atendiendo al inter\u00e9s general, no s\u00f3lo que tengan que ver con grandes proyectos urban\u00edsticos, que movilizan grandes recursos\u2026","rel":"","context":"En \u00abCiudad\u00bb","block_context":{"text":"Ciudad","link":"https:\/\/iumotril.org\/sitio\/category\/ciudad\/"},"img":{"alt_text":"","src":"https:\/\/i0.wp.com\/iumotril.org\/sitio\/wp-content\/uploads\/2024\/01\/Luisa-proyectos-estrategicos.jpg?resize=350%2C200&ssl=1","width":350,"height":200,"srcset":"https:\/\/i0.wp.com\/iumotril.org\/sitio\/wp-content\/uploads\/2024\/01\/Luisa-proyectos-estrategicos.jpg?resize=350%2C200&ssl=1 1x, https:\/\/i0.wp.com\/iumotril.org\/sitio\/wp-content\/uploads\/2024\/01\/Luisa-proyectos-estrategicos.jpg?resize=525%2C300&ssl=1 1.5x, https:\/\/i0.wp.com\/iumotril.org\/sitio\/wp-content\/uploads\/2024\/01\/Luisa-proyectos-estrategicos.jpg?resize=700%2C400&ssl=1 2x"},"classes":[]},{"id":9655,"url":"https:\/\/iumotril.org\/sitio\/alertan-de-un-posible-vertido-de-aguas-residuales-en-playa-granada\/","url_meta":{"origin":1025,"position":1},"title":"Alertan de un posible vertido de aguas residuales en playa Granada","author":"Izquierda Unida Motril","date":"4 diciembre, 2023","format":false,"excerpt":"Hemos venido observando la situaci\u00f3n del balate en las \u00faltimas semanas y se puede apreciar tanto el volumen del desag\u00fce como el mal olor en su cercan\u00eda y entorno, ha declarado Jose G. Llorente, edil de la coalici\u00f3n. Ha a\u00f1adido que, por la informaci\u00f3n de que disponemos, esta situaci\u00f3n se\u2026","rel":"","context":"En \u00abEST\u00c1 PASANDO\u00bb","block_context":{"text":"EST\u00c1 PASANDO","link":"https:\/\/iumotril.org\/sitio\/category\/esta-pasando\/"},"img":{"alt_text":"","src":"https:\/\/i0.wp.com\/iumotril.org\/sitio\/wp-content\/uploads\/2023\/12\/PHOTO-2023-12-02-11-06-00.jpg?resize=350%2C200&ssl=1","width":350,"height":200,"srcset":"https:\/\/i0.wp.com\/iumotril.org\/sitio\/wp-content\/uploads\/2023\/12\/PHOTO-2023-12-02-11-06-00.jpg?resize=350%2C200&ssl=1 1x, https:\/\/i0.wp.com\/iumotril.org\/sitio\/wp-content\/uploads\/2023\/12\/PHOTO-2023-12-02-11-06-00.jpg?resize=525%2C300&ssl=1 1.5x, https:\/\/i0.wp.com\/iumotril.org\/sitio\/wp-content\/uploads\/2023\/12\/PHOTO-2023-12-02-11-06-00.jpg?resize=700%2C400&ssl=1 2x, https:\/\/i0.wp.com\/iumotril.org\/sitio\/wp-content\/uploads\/2023\/12\/PHOTO-2023-12-02-11-06-00.jpg?resize=1050%2C600&ssl=1 3x, https:\/\/i0.wp.com\/iumotril.org\/sitio\/wp-content\/uploads\/2023\/12\/PHOTO-2023-12-02-11-06-00.jpg?resize=1400%2C800&ssl=1 4x"},"classes":[]},{"id":8322,"url":"https:\/\/iumotril.org\/sitio\/iu-equo-denuncia-el-incumplimiento-de-los-requisitos-del-distintivo-q-de-calidad-en-las-playas-de-motril\/","url_meta":{"origin":1025,"position":2},"title":"IU-Equo denuncia el incumplimiento de los requisitos del distintivo Q de calidad en las playas de Motril","author":"Izquierda Unida Motril","date":"2 agosto, 2022","format":false,"excerpt":"Ante las numerosas cr\u00edticas y denuncias,\u00a0 por parte de vecinos, visitantes y turistas, la principal actuaci\u00f3n de la alcaldesa ha sido envolverse en las banderas con la Q de calidad para intentar ocultar el desastroso estado de estas playas que, iniciado el mes de agosto, siguen a\u00fan presentando importantes deficiencias,\u2026","rel":"","context":"En \u00abEST\u00c1 PASANDO\u00bb","block_context":{"text":"EST\u00c1 PASANDO","link":"https:\/\/iumotril.org\/sitio\/category\/esta-pasando\/"},"img":{"alt_text":"","src":"https:\/\/i0.wp.com\/iumotril.org\/sitio\/wp-content\/uploads\/2022\/08\/IMG-6295-scaled.jpg?resize=350%2C200","width":350,"height":200,"srcset":"https:\/\/i0.wp.com\/iumotril.org\/sitio\/wp-content\/uploads\/2022\/08\/IMG-6295-scaled.jpg?resize=350%2C200 1x, https:\/\/i0.wp.com\/iumotril.org\/sitio\/wp-content\/uploads\/2022\/08\/IMG-6295-scaled.jpg?resize=525%2C300 1.5x, https:\/\/i0.wp.com\/iumotril.org\/sitio\/wp-content\/uploads\/2022\/08\/IMG-6295-scaled.jpg?resize=700%2C400 2x, https:\/\/i0.wp.com\/iumotril.org\/sitio\/wp-content\/uploads\/2022\/08\/IMG-6295-scaled.jpg?resize=1050%2C600 3x, https:\/\/i0.wp.com\/iumotril.org\/sitio\/wp-content\/uploads\/2022\/08\/IMG-6295-scaled.jpg?resize=1400%2C800 4x"},"classes":[]},{"id":3552,"url":"https:\/\/iumotril.org\/sitio\/el-grupo-parlamentario-de-unidos-podemos-presentara-en-el-congreso-una-propuesta-de-mejora-de-las-playas-de-la-costa\/","url_meta":{"origin":1025,"position":3},"title":"El Grupo Parlamentario de Unidos Podemos presentar\u00e1 en el Congreso una propuesta de mejora de las playas de la Costa","author":"Izquierda Unida Motril","date":"9 mayo, 2018","format":false,"excerpt":"La portavoz de IU ha declarado que, con independencia de la construcci\u00f3n de espigones, son diversas las actuaciones que pueden llevarse a cabo para la mejora de las playas de nuestra ciudad. Se ha referido, en este sentido, a la construcci\u00f3n de un \u201cpaseo blando\u201d entre la playa de las\u2026","rel":"","context":"En \u00abEST\u00c1 PASANDO\u00bb","block_context":{"text":"EST\u00c1 PASANDO","link":"https:\/\/iumotril.org\/sitio\/category\/esta-pasando\/"},"img":{"alt_text":"","src":"https:\/\/i0.wp.com\/iumotril.org\/sitio\/wp-content\/uploads\/2018\/02\/portada-redes-iu.jpg?resize=350%2C200&ssl=1","width":350,"height":200,"srcset":"https:\/\/i0.wp.com\/iumotril.org\/sitio\/wp-content\/uploads\/2018\/02\/portada-redes-iu.jpg?resize=350%2C200&ssl=1 1x, https:\/\/i0.wp.com\/iumotril.org\/sitio\/wp-content\/uploads\/2018\/02\/portada-redes-iu.jpg?resize=525%2C300&ssl=1 1.5x, https:\/\/i0.wp.com\/iumotril.org\/sitio\/wp-content\/uploads\/2018\/02\/portada-redes-iu.jpg?resize=700%2C400&ssl=1 2x"},"classes":[]},{"id":10698,"url":"https:\/\/iumotril.org\/sitio\/iu-verdes-equo-exige-explicaciones-por-los-retrasos-en-las-obras-de-playa-granada-y-playa-de-poniente\/","url_meta":{"origin":1025,"position":4},"title":"IU Verdes Equo exige explicaciones por los retrasos en las obras de Playa Granada y Playa de Poniente","author":"Izquierda Unida Motril","date":"9 julio, 2025","format":false,"excerpt":"Omiste ha se\u00f1alado que, desde el punto de vista de la gesti\u00f3n, la principal carencia de las playas es la limpieza y el mantenimiento, sobre todo fuera de la temporada estival, en las que las playas quedan en situaci\u00f3n de semiabandono: no hay recogida de la basura, no se desarrollan\u2026","rel":"","context":"En \u00abAyuntamiento\u00bb","block_context":{"text":"Ayuntamiento","link":"https:\/\/iumotril.org\/sitio\/category\/ayuntamiento\/"},"img":{"alt_text":"","src":"https:\/\/i0.wp.com\/iumotril.org\/sitio\/wp-content\/uploads\/2025\/07\/a564f30e-afcb-471e-9e44-3c557b18f1ba.jpeg?resize=350%2C200&ssl=1","width":350,"height":200,"srcset":"https:\/\/i0.wp.com\/iumotril.org\/sitio\/wp-content\/uploads\/2025\/07\/a564f30e-afcb-471e-9e44-3c557b18f1ba.jpeg?resize=350%2C200&ssl=1 1x, https:\/\/i0.wp.com\/iumotril.org\/sitio\/wp-content\/uploads\/2025\/07\/a564f30e-afcb-471e-9e44-3c557b18f1ba.jpeg?resize=525%2C300&ssl=1 1.5x, https:\/\/i0.wp.com\/iumotril.org\/sitio\/wp-content\/uploads\/2025\/07\/a564f30e-afcb-471e-9e44-3c557b18f1ba.jpeg?resize=700%2C400&ssl=1 2x, https:\/\/i0.wp.com\/iumotril.org\/sitio\/wp-content\/uploads\/2025\/07\/a564f30e-afcb-471e-9e44-3c557b18f1ba.jpeg?resize=1050%2C600&ssl=1 3x, https:\/\/i0.wp.com\/iumotril.org\/sitio\/wp-content\/uploads\/2025\/07\/a564f30e-afcb-471e-9e44-3c557b18f1ba.jpeg?resize=1400%2C800&ssl=1 4x"},"classes":[]},{"id":10535,"url":"https:\/\/iumotril.org\/sitio\/las-obras-de-reordenacion-y-remodelacion-de-la-zona-de-playa-granada-llegan-tarde-y-mal\/","url_meta":{"origin":1025,"position":5},"title":"Las obras de reordenaci\u00f3n y remodelaci\u00f3n de la zona de playa Granada llegan tarde y mal","author":"Izquierda Unida Motril","date":"2 abril, 2025","format":false,"excerpt":"\u00abApostar por nuestras playas es hacerlo por la desestacionalizaci\u00f3n de su oferta\u00bb, es decir, por tenerlas en perfecto estado de uso para vecinos, vecinas y visitantes a lo largo de todo el a\u00f1o, ha declarado. Algo que es posible, desde las competencias municipales, interviniendo para mejorar el estado y la\u2026","rel":"","context":"En \u00abEST\u00c1 PASANDO\u00bb","block_context":{"text":"EST\u00c1 PASANDO","link":"https:\/\/iumotril.org\/sitio\/category\/esta-pasando\/"},"img":{"alt_text":"","src":"https:\/\/i0.wp.com\/iumotril.org\/sitio\/wp-content\/uploads\/2025\/04\/Captura-de-pantalla-2025-04-02-a-las-13.16.34.png?resize=350%2C200&ssl=1","width":350,"height":200,"srcset":"https:\/\/i0.wp.com\/iumotril.org\/sitio\/wp-content\/uploads\/2025\/04\/Captura-de-pantalla-2025-04-02-a-las-13.16.34.png?resize=350%2C200&ssl=1 1x, https:\/\/i0.wp.com\/iumotril.org\/sitio\/wp-content\/uploads\/2025\/04\/Captura-de-pantalla-2025-04-02-a-las-13.16.34.png?resize=525%2C300&ssl=1 1.5x, https:\/\/i0.wp.com\/iumotril.org\/sitio\/wp-content\/uploads\/2025\/04\/Captura-de-pantalla-2025-04-02-a-las-13.16.34.png?resize=700%2C400&ssl=1 2x, https:\/\/i0.wp.com\/iumotril.org\/sitio\/wp-content\/uploads\/2025\/04\/Captura-de-pantalla-2025-04-02-a-las-13.16.34.png?resize=1050%2C600&ssl=1 3x"},"classes":[]}],"jetpack_likes_enabled":true,"_links":{"self":[{"href":"https:\/\/iumotril.org\/sitio\/wp-json\/wp\/v2\/posts\/1025","targetHints":{"allow":["GET"]}}],"collection":[{"href":"https:\/\/iumotril.org\/sitio\/wp-json\/wp\/v2\/posts"}],"about":[{"href":"https:\/\/iumotril.org\/sitio\/wp-json\/wp\/v2\/types\/post"}],"author":[{"embeddable":true,"href":"https:\/\/iumotril.org\/sitio\/wp-json\/wp\/v2\/users\/1"}],"replies":[{"embeddable":true,"href":"https:\/\/iumotril.org\/sitio\/wp-json\/wp\/v2\/comments?post=1025"}],"version-history":[{"count":6,"href":"https:\/\/iumotril.org\/sitio\/wp-json\/wp\/v2\/posts\/1025\/revisions"}],"predecessor-version":[{"id":1039,"href":"https:\/\/iumotril.org\/sitio\/wp-json\/wp\/v2\/posts\/1025\/revisions\/1039"}],"wp:attachment":[{"href":"https:\/\/iumotril.org\/sitio\/wp-json\/wp\/v2\/media?parent=1025"}],"wp:term":[{"taxonomy":"category","embeddable":true,"href":"https:\/\/iumotril.org\/sitio\/wp-json\/wp\/v2\/categories?post=1025"},{"taxonomy":"post_tag","embeddable":true,"href":"https:\/\/iumotril.org\/sitio\/wp-json\/wp\/v2\/tags?post=1025"}],"curies":[{"name":"wp","href":"https:\/\/api.w.org\/{rel}","templated":true}]}}