{"id":10239,"date":"2024-11-07T10:28:40","date_gmt":"2024-11-07T09:28:40","guid":{"rendered":"https:\/\/iumotril.org\/sitio\/?p=10239"},"modified":"2024-11-07T10:28:40","modified_gmt":"2024-11-07T09:28:40","slug":"la-concejala-de-bienestar-social-se-desentiende-de-la-situacion-de-la-residencia-santa-amelia","status":"publish","type":"post","link":"https:\/\/iumotril.org\/sitio\/la-concejala-de-bienestar-social-se-desentiende-de-la-situacion-de-la-residencia-santa-amelia\/","title":{"rendered":"La concejala de Bienestar Social se desentiende de la situaci\u00f3n de la Residencia Santa Amelia"},"content":{"rendered":"<h3><strong><span style=\"color: #993300;\">A pesar de las reiteradas y continuas quejas vecinales por el estado de abandono y el deterioro del solar y las ruinas de las instalaciones de la antigua Residencia Santa Amelia, la concejala de Bienestar Social, Inmaculada Torres, afirma en una respuesta escrita al Grupo municipal de IU Verdes Equo que no tiene previsto realizar ninguna actuaci\u00f3n al no ser un \u00e1mbito de su competencia. En su respuesta nos emplaza a dirigirnos al Arzobispado de Granada, que es la entidad propietaria<\/span><\/strong><\/h3>\n<p><span style=\"font-weight: 400;\">La posici\u00f3n de <strong>desprecio a las necesidades reales de los vecinos<\/strong> y la inacci\u00f3n municipal se resume en este desentendimiento de la concejala y describe cu\u00e1l es el modelo de gesti\u00f3n del Partido Popular, un modelo contrario e incompatible con la defensa de los <strong>intereses de los vecinos<\/strong>, ha sostenido la portavoz de IU Verdes Equo.<\/span><\/p>\n<p><span style=\"font-weight: 400;\">Inma Omiste ha denunciado el <strong>problema de salubridad para los vecinos del barrio<\/strong> como consecuencia de la falta de intervenci\u00f3n municipal en un solar y una edificaci\u00f3n abandonada, ocupado por la maleza y basuras acumuladas que propicia la proliferaci\u00f3n de la suciedad y, en consecuencia, de numerosas plagas de insectos y de roedores.<\/span><\/p>\n<p><span style=\"font-weight: 400;\"><img loading=\"lazy\" decoding=\"async\" data-attachment-id=\"9896\" data-permalink=\"https:\/\/iumotril.org\/sitio\/exigimos-mejoras-en-la-sanidad-publica-andaluza-nos-sumamos-a-las-movilizaciones-convocadas-el-domingo-7-de-abril-en-defensa-de-la-sanidad\/inma-omiste-3-de-abril\/\" data-orig-file=\"https:\/\/iumotril.org\/sitio\/wp-content\/uploads\/2024\/04\/Inma-Omiste-3-de-abril-scaled.jpg\" data-orig-size=\"1920,2560\" data-comments-opened=\"1\" data-image-meta=\"{&quot;aperture&quot;:&quot;1.6&quot;,&quot;credit&quot;:&quot;&quot;,&quot;camera&quot;:&quot;iPhone 12&quot;,&quot;caption&quot;:&quot;&quot;,&quot;created_timestamp&quot;:&quot;1712167554&quot;,&quot;copyright&quot;:&quot;&quot;,&quot;focal_length&quot;:&quot;4.2&quot;,&quot;iso&quot;:&quot;100&quot;,&quot;shutter_speed&quot;:&quot;0.01&quot;,&quot;title&quot;:&quot;&quot;,&quot;orientation&quot;:&quot;1&quot;}\" data-image-title=\"Inma Omiste 3 de abril\" data-image-description=\"\" data-image-caption=\"\" data-large-file=\"https:\/\/iumotril.org\/sitio\/wp-content\/uploads\/2024\/04\/Inma-Omiste-3-de-abril-768x1024.jpg\" class=\"alignleft wp-image-9896 size-large\" src=\"https:\/\/iumotril.org\/sitio\/wp-content\/uploads\/2024\/04\/Inma-Omiste-3-de-abril-768x1024.jpg\" alt=\"\" width=\"640\" height=\"853\" srcset=\"https:\/\/iumotril.org\/sitio\/wp-content\/uploads\/2024\/04\/Inma-Omiste-3-de-abril-768x1024.jpg 768w, https:\/\/iumotril.org\/sitio\/wp-content\/uploads\/2024\/04\/Inma-Omiste-3-de-abril-225x300.jpg 225w, https:\/\/iumotril.org\/sitio\/wp-content\/uploads\/2024\/04\/Inma-Omiste-3-de-abril-1152x1536.jpg 1152w, https:\/\/iumotril.org\/sitio\/wp-content\/uploads\/2024\/04\/Inma-Omiste-3-de-abril-1536x2048.jpg 1536w, https:\/\/iumotril.org\/sitio\/wp-content\/uploads\/2024\/04\/Inma-Omiste-3-de-abril-scaled.jpg 1920w\" sizes=\"auto, (max-width: 640px) 100vw, 640px\" \/>Omiste ha criticado la <strong>pasividad del gobierno local<\/strong>, que se desentiende de este modo de un problema real que tiene un importante impacto en la convivencia ciudadana y en la salud de los vecinos y de las vecinas.<\/span><\/p>\n<p><span style=\"font-weight: 400;\">Al hilo, ha reprochado la <strong>inacci\u00f3n de la concejala de Bienestar Social, Inmaculada Torres<\/strong>, que se excusa en su falta de competencias para abordar cualquier tipo de actuaciones. Por ello, Omiste se ha preguntado cu\u00e1l es el papel y las funciones de concejala si se inhibe cuando hay problemas reales que afectan al bienestar de los vecinos y a la ciudadan\u00eda en general.<\/span><\/p>\n<p><span style=\"font-weight: 400;\">Sin embargo, ha criticado, su <strong>disponibilidad a tiempo completo<\/strong> y su predisposici\u00f3n absoluta cuando se trata de acompa\u00f1ar a la alcaldesa en sus constantes <strong>sesiones fotogr\u00e1ficas promocionales<\/strong>, en las que siempre ofrece su mejor sonrisa.<\/span><\/p>\n<p><span style=\"font-weight: 400;\">La edil de IU Verdes Equo ha informado que <strong>el Ayuntamiento de Motril tiene instrumentos legales suficientes y adecuados para requerir a la propiedad<\/strong>, la Fundaci\u00f3n Docete Homnes del Arzobispado de Granada, a que lleve a cabo las actuaciones necesarias para adecentar el recinto y, en caso contrario, emprender las actuaciones necesarias con medios municipales para solventar la situaci\u00f3n y trasladar los gastos a la propiedad, como se est\u00e1 haciendo en otros casos con propietarios particulares de solares abandonados en diferentes barrios de la ciudad.<\/span><\/p>\n<p><span style=\"font-weight: 400;\">Pero, \u201ccon la iglesia hemos topado\u201d, ha afirmado Inma Omiste denunciado a la vez la <strong>actuaci\u00f3n \u201cpoco ejemplar\u201d e irresponsable del Arzobispado de Granada<\/strong> que cerr\u00f3 la residencia en 2015 con el compromiso de su reapertura en el plazo de dos a\u00f1os declinando, finalmente, su responsabilidad.<\/span><\/p>\n","protected":false},"excerpt":{"rendered":"<p>Omiste ha criticado la pasividad del gobierno local, que se desentiende de este modo de un problema real que tiene un importante impacto en la convivencia ciudadana y en la salud de los vecinos y de las vecinas.<br \/>\nAl hilo, ha reprochado la inacci\u00f3n de la concejala de Bienestar Social, Inmaculada Torres, que se excusa en su falta de competencias para abordar cualquier tipo de actuaciones. Por ello, Omiste se ha preguntado cu\u00e1l es el papel y las funciones de concejala si se inhibe cuando hay problemas reales que afectan al bienestar de los vecinos y a la ciudadan\u00eda en general.<br \/>\nSin embargo, ha criticado, su disponibilidad a tiempo completo y su predisposici\u00f3n absoluta cuando se trata de acompa\u00f1ar a la alcaldesa en sus constantes sesiones fotogr\u00e1ficas promocionales, en las que siempre ofrece su mejor sonrisa.<br \/>\nLa edil de IU Verdes Equo ha informado que el Ayuntamiento de Motril tiene instrumentos legales suficientes y adecuados para requerir a la propiedad, la Fundaci\u00f3n Docete Homnes del Arzobispado de Granada, a que lleve a cabo las actuaciones necesarias para adecentar el recinto y, en caso contrario, emprender las actuaciones necesarias con medios municipales para solventar la situaci\u00f3n y trasladar los gastos a la propiedad, como se est\u00e1 haciendo en otros casos con propietarios particulares de solares abandonados en diferentes barrios de la ciudad.<br \/>\nPero, \u201ccon la iglesia hemos topado\u201d, ha afirmado Inma Omiste denunciado a la vez la actuaci\u00f3n \u201cpoco ejemplar\u201d e irresponsable del Arzobispado de Granada que cerr\u00f3 la residencia en 2015 con el compromiso de su reapertura en el plazo de dos a\u00f1os declinando, finalmente, su responsabilidad.\u00a0<\/p>\n","protected":false},"author":1,"featured_media":10244,"comment_status":"open","ping_status":"open","sticky":false,"template":"","format":"standard","meta":{"cybocfi_hide_featured_image":"","_jetpack_newsletter_access":"","_jetpack_dont_email_post_to_subs":false,"_jetpack_newsletter_tier_id":0,"_jetpack_memberships_contains_paywalled_content":false,"_jetpack_memberships_contains_paid_content":false,"footnotes":""},"categories":[177,265],"tags":[2202,2200,1880,2201,2181,2199,684],"class_list":["post-10239","post","type-post","status-publish","format-standard","has-post-thumbnail","hentry","category-ciudad","category-esta-pasando","tag-arzobispado-granada","tag-deterioro-y-ruinas-residencia","tag-inma-torres","tag-plagas","tag-roedores","tag-salubridad","tag-santa-amelia"],"jetpack_featured_media_url":"https:\/\/iumotril.org\/sitio\/wp-content\/uploads\/2024\/11\/Entrada-de-la-antigua-residencia-abandonada-Santa-Amelia-de-Motril.jpg","jetpack_sharing_enabled":true,"jetpack_shortlink":"https:\/\/wp.me\/p4QsU5-2F9","jetpack-related-posts":[{"id":9511,"url":"https:\/\/iumotril.org\/sitio\/iu-equo-verdes-critica-el-mal-estado-de-mantenimiento-y-conservacion-de-calles-en-el-entorno-de-la-residencia-santa-amelia\/","url_meta":{"origin":10239,"position":0},"title":"IU Verdes Equo critica el mal estado de mantenimiento y conservaci\u00f3n de calles en el entorno de la Residencia\u00a0 Santa Amelia","author":"Izquierda Unida Motril","date":"24 octubre, 2023","format":false,"excerpt":"A los problemas e inconvenientes que ocasiona en el barrio la situaci\u00f3n de abandono, de deterioro\u00a0 y la suciedad de las instalaciones de la antigua residencia Santa Amelia, se le suma este problema de embalsamamiento de aguas e inundaciones en diversas calles que, en algunos casos, est\u00e1n provocando da\u00f1os en\u2026","rel":"","context":"En \u00abcritica\u00bb","block_context":{"text":"critica","link":"https:\/\/iumotril.org\/sitio\/category\/critica\/"},"img":{"alt_text":"","src":"https:\/\/i0.wp.com\/iumotril.org\/sitio\/wp-content\/uploads\/2023\/10\/IMG_0338-scaled.jpg?resize=350%2C200&ssl=1","width":350,"height":200,"srcset":"https:\/\/i0.wp.com\/iumotril.org\/sitio\/wp-content\/uploads\/2023\/10\/IMG_0338-scaled.jpg?resize=350%2C200&ssl=1 1x, https:\/\/i0.wp.com\/iumotril.org\/sitio\/wp-content\/uploads\/2023\/10\/IMG_0338-scaled.jpg?resize=525%2C300&ssl=1 1.5x, https:\/\/i0.wp.com\/iumotril.org\/sitio\/wp-content\/uploads\/2023\/10\/IMG_0338-scaled.jpg?resize=700%2C400&ssl=1 2x, https:\/\/i0.wp.com\/iumotril.org\/sitio\/wp-content\/uploads\/2023\/10\/IMG_0338-scaled.jpg?resize=1050%2C600&ssl=1 3x, https:\/\/i0.wp.com\/iumotril.org\/sitio\/wp-content\/uploads\/2023\/10\/IMG_0338-scaled.jpg?resize=1400%2C800&ssl=1 4x"},"classes":[]},{"id":2707,"url":"https:\/\/iumotril.org\/sitio\/izquierda-unida-propone-que-el-ayuntamiento-asesore-en-los-tramites-para-reclamar-las-clausulas-suelo\/","url_meta":{"origin":10239,"position":1},"title":"Izquierda Unida propone que el Ayuntamiento asesore en los tr\u00e1mites para reclamar las cl\u00e1usulas suelo","author":"Izquierda Unida Motril","date":"23 febrero, 2017","format":false,"excerpt":"Izquierda Unida presenta al pleno municipal una moci\u00f3n para que desde el ayuntamiento se establezca un servicio extraordinario que asesore a las familias afectadas por las cl\u00e1usulas suelo de las hipotecas. Tambi\u00e9n presenta una segunda moci\u00f3n en defensa de las trabajadoras motrile\u00f1as, a la vista de los recientes despidos y\u2026","rel":"","context":"En \u00abEST\u00c1 PASANDO\u00bb","block_context":{"text":"EST\u00c1 PASANDO","link":"https:\/\/iumotril.org\/sitio\/category\/esta-pasando\/"},"img":{"alt_text":"","src":"https:\/\/i0.wp.com\/iumotril.org\/sitio\/wp-content\/uploads\/2017\/02\/File_000-1024x900.jpeg?resize=350%2C200","width":350,"height":200,"srcset":"https:\/\/i0.wp.com\/iumotril.org\/sitio\/wp-content\/uploads\/2017\/02\/File_000-1024x900.jpeg?resize=350%2C200 1x, https:\/\/i0.wp.com\/iumotril.org\/sitio\/wp-content\/uploads\/2017\/02\/File_000-1024x900.jpeg?resize=525%2C300 1.5x"},"classes":[]},{"id":9008,"url":"https:\/\/iumotril.org\/sitio\/iu-equo-deplora-que-el-gobierno-local-rechace-medidas-para-asegurar-el-adecuado-funcionamiento-de-la-residencia-de-personas-mayores-de-san-luis\/","url_meta":{"origin":10239,"position":2},"title":"IU-Equo deplora que el gobierno local rechace medidas para asegurar el adecuado funcionamiento de la Residencia de Personas Mayores de San Luis","author":"Izquierda Unida Motril","date":"4 abril, 2023","format":false,"excerpt":"El gobierno de la se\u00f1ora Garc\u00eda Chamorro se ha desentendido interesadamente de la Residencia para avanzar en la privatizaci\u00f3n del servicio, lo que supondr\u00e1 una merma en la atenci\u00f3n a los residentes y una p\u00e9rdida de derechos para los trabajadores y trabajadoras. IU-Equo rechaza rotundamente la mercantilizaci\u00f3n de los cuidados,\u2026","rel":"","context":"En \u00abAyuntamiento\u00bb","block_context":{"text":"Ayuntamiento","link":"https:\/\/iumotril.org\/sitio\/category\/ayuntamiento\/"},"img":{"alt_text":"","src":"https:\/\/i0.wp.com\/iumotril.org\/sitio\/wp-content\/uploads\/2023\/04\/Inmna-Torres-y-Luisa-Imagen-de-Ahora-Costa.jpg?resize=350%2C200&ssl=1","width":350,"height":200,"srcset":"https:\/\/i0.wp.com\/iumotril.org\/sitio\/wp-content\/uploads\/2023\/04\/Inmna-Torres-y-Luisa-Imagen-de-Ahora-Costa.jpg?resize=350%2C200&ssl=1 1x, https:\/\/i0.wp.com\/iumotril.org\/sitio\/wp-content\/uploads\/2023\/04\/Inmna-Torres-y-Luisa-Imagen-de-Ahora-Costa.jpg?resize=525%2C300&ssl=1 1.5x, https:\/\/i0.wp.com\/iumotril.org\/sitio\/wp-content\/uploads\/2023\/04\/Inmna-Torres-y-Luisa-Imagen-de-Ahora-Costa.jpg?resize=700%2C400&ssl=1 2x, https:\/\/i0.wp.com\/iumotril.org\/sitio\/wp-content\/uploads\/2023\/04\/Inmna-Torres-y-Luisa-Imagen-de-Ahora-Costa.jpg?resize=1050%2C600&ssl=1 3x, https:\/\/i0.wp.com\/iumotril.org\/sitio\/wp-content\/uploads\/2023\/04\/Inmna-Torres-y-Luisa-Imagen-de-Ahora-Costa.jpg?resize=1400%2C800&ssl=1 4x"},"classes":[]},{"id":423,"url":"https:\/\/iumotril.org\/sitio\/los-romanones-y-la-capilla-de-playa-granada\/","url_meta":{"origin":10239,"position":3},"title":"Los Romanones y la capilla de Playa Granada","author":"Izquierda Unida Motril","date":"9 febrero, 2015","format":false,"excerpt":"El equipo de Gobierno del Ayuntamiento de Motril, con su Alcaldesa al frente, ha adjudicado directamente al Arzobispado de Granada la cesi\u00f3n por 75 a\u00f1os de 450 metros cuadrados de suelo de dominio p\u00fablico municipal valorados en 296.325 euros de euros, para la construcci\u00f3n de una capilla religiosa en Playa\u2026","rel":"","context":"En \u00abAyuntamiento\u00bb","block_context":{"text":"Ayuntamiento","link":"https:\/\/iumotril.org\/sitio\/category\/ayuntamiento\/"},"img":{"alt_text":"Arzobispo Granada","src":"https:\/\/i0.wp.com\/iumotril.org\/sitio\/wp-content\/uploads\/2015\/02\/arzobispo-Granada-hablar-abusos-sexuales_TINIMA20141129_0605_51-300x168.jpg?resize=350%2C200","width":350,"height":200},"classes":[]},{"id":10824,"url":"https:\/\/iumotril.org\/sitio\/iu%e2%80%91verdes-equo-alerta-del-esquilme-de-las-escuelas-deportivas-y-el-deterioro-de-las-instalaciones-deportivas-municipales\/","url_meta":{"origin":10239,"position":4},"title":"IU\u2011Verdes Equo alerta del esquilme de las escuelas deportivas y el deterioro de las instalaciones deportivas municipales.","author":"Izquierda Unida Motril","date":"6 octubre, 2025","format":false,"excerpt":"La formaci\u00f3n ha reiterado que la plantilla del \u00c1rea de Deportes es totalmente insuficiente para Motril. Es necesario que se dote al \u00c1rea tanto de personal estructural, plantilla fija, creando empleo p\u00fablico de calidad, como de personal para cubrir las bajas y dem\u00e1s incidencias, y as\u00ed poder garantizar el funcionamiento\u2026","rel":"","context":"En \u00abAyuntamiento\u00bb","block_context":{"text":"Ayuntamiento","link":"https:\/\/iumotril.org\/sitio\/category\/ayuntamiento\/"},"img":{"alt_text":"","src":"https:\/\/i0.wp.com\/iumotril.org\/sitio\/wp-content\/uploads\/2025\/10\/Ana-H-scaled.jpeg?resize=350%2C200&ssl=1","width":350,"height":200,"srcset":"https:\/\/i0.wp.com\/iumotril.org\/sitio\/wp-content\/uploads\/2025\/10\/Ana-H-scaled.jpeg?resize=350%2C200&ssl=1 1x, https:\/\/i0.wp.com\/iumotril.org\/sitio\/wp-content\/uploads\/2025\/10\/Ana-H-scaled.jpeg?resize=525%2C300&ssl=1 1.5x, https:\/\/i0.wp.com\/iumotril.org\/sitio\/wp-content\/uploads\/2025\/10\/Ana-H-scaled.jpeg?resize=700%2C400&ssl=1 2x, https:\/\/i0.wp.com\/iumotril.org\/sitio\/wp-content\/uploads\/2025\/10\/Ana-H-scaled.jpeg?resize=1050%2C600&ssl=1 3x, https:\/\/i0.wp.com\/iumotril.org\/sitio\/wp-content\/uploads\/2025\/10\/Ana-H-scaled.jpeg?resize=1400%2C800&ssl=1 4x"},"classes":[]},{"id":3652,"url":"https:\/\/iumotril.org\/sitio\/motril-reclama-actuaciones-integrales-de-limpieza-en-calles-plazas-y-barrios\/","url_meta":{"origin":10239,"position":5},"title":"Motril reclama actuaciones integrales de limpieza en calles, plazas y barrios","author":"Izquierda Unida Motril","date":"20 junio, 2018","format":false,"excerpt":"Ha alertando del previsible incremento de la suciedad de las calles con la llegada del calor y la falta de lluvia dado el deficiente servicio que se viene realizando. Por ello, ha propuesto que se lleve a cabo un plan de limpieza integral que adecente la ciudad y su entorno\u2026","rel":"","context":"En \u00abEST\u00c1 PASANDO\u00bb","block_context":{"text":"EST\u00c1 PASANDO","link":"https:\/\/iumotril.org\/sitio\/category\/esta-pasando\/"},"img":{"alt_text":"","src":"https:\/\/i0.wp.com\/iumotril.org\/sitio\/wp-content\/uploads\/2018\/06\/Inma_limpieza-rambla-alamos_20-junio-e1529490096864-225x300.jpg?resize=350%2C200","width":350,"height":200},"classes":[]}],"jetpack_likes_enabled":true,"_links":{"self":[{"href":"https:\/\/iumotril.org\/sitio\/wp-json\/wp\/v2\/posts\/10239","targetHints":{"allow":["GET"]}}],"collection":[{"href":"https:\/\/iumotril.org\/sitio\/wp-json\/wp\/v2\/posts"}],"about":[{"href":"https:\/\/iumotril.org\/sitio\/wp-json\/wp\/v2\/types\/post"}],"author":[{"embeddable":true,"href":"https:\/\/iumotril.org\/sitio\/wp-json\/wp\/v2\/users\/1"}],"replies":[{"embeddable":true,"href":"https:\/\/iumotril.org\/sitio\/wp-json\/wp\/v2\/comments?post=10239"}],"version-history":[{"count":5,"href":"https:\/\/iumotril.org\/sitio\/wp-json\/wp\/v2\/posts\/10239\/revisions"}],"predecessor-version":[{"id":10245,"href":"https:\/\/iumotril.org\/sitio\/wp-json\/wp\/v2\/posts\/10239\/revisions\/10245"}],"wp:featuredmedia":[{"embeddable":true,"href":"https:\/\/iumotril.org\/sitio\/wp-json\/wp\/v2\/media\/10244"}],"wp:attachment":[{"href":"https:\/\/iumotril.org\/sitio\/wp-json\/wp\/v2\/media?parent=10239"}],"wp:term":[{"taxonomy":"category","embeddable":true,"href":"https:\/\/iumotril.org\/sitio\/wp-json\/wp\/v2\/categories?post=10239"},{"taxonomy":"post_tag","embeddable":true,"href":"https:\/\/iumotril.org\/sitio\/wp-json\/wp\/v2\/tags?post=10239"}],"curies":[{"name":"wp","href":"https:\/\/api.w.org\/{rel}","templated":true}]}}