{"id":10224,"date":"2024-11-06T12:14:39","date_gmt":"2024-11-06T11:14:39","guid":{"rendered":"https:\/\/iumotril.org\/sitio\/?p=10224"},"modified":"2024-11-06T12:14:39","modified_gmt":"2024-11-06T11:14:39","slug":"piscina-municipal-negligencia-incompetencia-y-poca-verguenza","status":"publish","type":"post","link":"https:\/\/iumotril.org\/sitio\/piscina-municipal-negligencia-incompetencia-y-poca-verguenza\/","title":{"rendered":"Piscina municipal. Negligencia, incompetencia y poca verg\u00fcenza"},"content":{"rendered":"<h3><span style=\"font-weight: 400; color: #993300;\">Rechaza unas declaraciones del concejal del \u00c1rea de Deportes en las que descalifica las quejas de la ciudadan\u00eda y las cr\u00edticas de la oposici\u00f3n por el cierre de la piscina durante los \u00faltimos tres a\u00f1os, con las que pretende tapar sus verg\u00fcenzas y las de la alcaldesa por la desidia e incapacidad para gestionar esta instalaci\u00f3n municipal y el \u00c1rea de Deportes en general.<\/span><\/h3>\n<p><span style=\"font-weight: 400;\">La portavoz de IU Verdes Equo, Inma Omiste ha calificado las declaraciones realizadas a un medio local de \u201cvergonzosas\u201d y de <strong>falta de respeto a los usuarios y a las familias<\/strong>, a las que llega a pedir que asuman el sacrificio que supone la pr\u00e1ctica deportiva y que se adapten a las circunstancias.<\/span><\/p>\n<p><span style=\"font-weight: 400;\">El concejal Daniel Ortega, que lleva cinco a\u00f1os al frente del \u00c1rea de Deportes, afirma que <strong>las cr\u00edticas a su gesti\u00f3n responden a \u201cmotivos ideol\u00f3gicos\u201d<\/strong> y anuncia, una vez m\u00e1s, que la piscina se abrir\u00e1 \u201cen dos semanas\u201d. Un plazo que lleva repitiendo en los \u00faltimos a\u00f1os, motivado, seg\u00fan \u00e9l mismo afirma, porque le ha podido \u201cel ansia a la hora de dar una fecha de apertura\u201d.<\/span><\/p>\n<p><span style=\"font-weight: 400;\"><img loading=\"lazy\" decoding=\"async\" data-attachment-id=\"10175\" data-permalink=\"https:\/\/iumotril.org\/sitio\/rechazamos-la-supresion-de-beneficios-sociales-en-impuestos-y-tasas-municipales-a-parados-y-familias-vulnerables\/inma-rp-area-deportes-2\/\" data-orig-file=\"https:\/\/iumotril.org\/sitio\/wp-content\/uploads\/2024\/10\/Inma-RP-Area-Deportes.jpg\" data-orig-size=\"1313,2449\" data-comments-opened=\"1\" data-image-meta=\"{&quot;aperture&quot;:&quot;1.6&quot;,&quot;credit&quot;:&quot;&quot;,&quot;camera&quot;:&quot;iPhone 12&quot;,&quot;caption&quot;:&quot;&quot;,&quot;created_timestamp&quot;:&quot;1726830300&quot;,&quot;copyright&quot;:&quot;&quot;,&quot;focal_length&quot;:&quot;4.2&quot;,&quot;iso&quot;:&quot;64&quot;,&quot;shutter_speed&quot;:&quot;0.01&quot;,&quot;title&quot;:&quot;&quot;,&quot;orientation&quot;:&quot;1&quot;}\" data-image-title=\"Inma RP Area Deportes\" data-image-description=\"\" data-image-caption=\"\" data-large-file=\"https:\/\/iumotril.org\/sitio\/wp-content\/uploads\/2024\/10\/Inma-RP-Area-Deportes-549x1024.jpg\" class=\"alignleft wp-image-10175 size-large\" src=\"https:\/\/iumotril.org\/sitio\/wp-content\/uploads\/2024\/10\/Inma-RP-Area-Deportes-549x1024.jpg\" alt=\"\" width=\"549\" height=\"1024\" srcset=\"https:\/\/iumotril.org\/sitio\/wp-content\/uploads\/2024\/10\/Inma-RP-Area-Deportes-549x1024.jpg 549w, https:\/\/iumotril.org\/sitio\/wp-content\/uploads\/2024\/10\/Inma-RP-Area-Deportes-161x300.jpg 161w, https:\/\/iumotril.org\/sitio\/wp-content\/uploads\/2024\/10\/Inma-RP-Area-Deportes-768x1432.jpg 768w, https:\/\/iumotril.org\/sitio\/wp-content\/uploads\/2024\/10\/Inma-RP-Area-Deportes-824x1536.jpg 824w, https:\/\/iumotril.org\/sitio\/wp-content\/uploads\/2024\/10\/Inma-RP-Area-Deportes-1098x2048.jpg 1098w, https:\/\/iumotril.org\/sitio\/wp-content\/uploads\/2024\/10\/Inma-RP-Area-Deportes.jpg 1313w\" sizes=\"auto, (max-width: 549px) 100vw, 549px\" \/>Omiste ha recordado que la propia alcaldesa asegur\u00f3 en la campa\u00f1a de las elecciones municipales de 2023 que la piscina se abrir\u00eda en el mes de junio de ese a\u00f1o. Hasta hoy, en que permanece cerrada. Aunque fuera una promesa electoral, la se\u00f1ora <strong>Garc\u00eda Chamorro sabe por experiencia propia que la mentira tiene las patas muy cortas<\/strong> y que, adem\u00e1s,\u00a0 ya no puede valer el recurso a la herencia recibida que tanto ha utilizado Garc\u00eda Chamorro, ha enfatizado.\u00a0<\/span><\/p>\n<p><span style=\"font-weight: 400;\">Omiste ha recordado que la propia alcaldesa asegur\u00f3 en la campa\u00f1a de las elecciones municipales de 2023 que la piscina se abrir\u00eda en el mes de junio de ese a\u00f1o. Hasta hoy, en que permanece cerrada. Aunque fuera una promesa electoral, la se\u00f1ora Garc\u00eda Chamorro sabe por experiencia propia que la mentira tiene las patas muy cortas y que, adem\u00e1s,\u00a0 ya no puede valer el recurso a la herencia recibida que tanto ha utilizado Garc\u00eda Chamorro, ha enfatizado.\u00a0<\/span><\/p>\n<p><span style=\"font-weight: 400;\">Por lo tanto, nos encontramos ante la <strong>pura incompetencia y desinter\u00e9s<\/strong> por la gesti\u00f3n eficaz de los recursos p\u00fablicos por parte de su gobierno, ha criticado la portavoz de IU Verdes Equo.<\/span><\/p>\n<p><span style=\"font-weight: 400;\">La portavoz municipal de la coalici\u00f3n de izquierdas ha se\u00f1alado que, como siempre, <strong>los principales damnificados de esta situaci\u00f3n son los m\u00e1s d\u00e9biles<\/strong>, las personas con menores recursos y los m\u00e1s desfavorecidos, los <strong>ni\u00f1os y ni\u00f1as<\/strong> que no pueden continuar con su pr\u00e1ctica deportiva, las <strong>personas mayores usuarias de las instalaciones<\/strong> y las que las <strong>utilizan por razones terap\u00e9uticas.<\/strong> Personas que nada han importado a la alcaldesa y al concejal durante este tiempo perdido, dej\u00e1ndoles a su suerte por su incapacidad y su negligencia.<\/span><\/p>\n<p><span style=\"font-weight: 400;\">Omiste ha reclamado al concejal de Deportes que <strong>pida p\u00fablicamente perd\u00f3n a los vecinos y vecinas de Motril por su negligente actuaci\u00f3n<\/strong> en todos los \u00e1mbitos del \u00c1rea de Deportes, se\u00f1alando que, durante su mandato, pr\u00e1cticamente han desaparecido casi todas las escuelas deportivas municipales, a pesar de tratarse de una iniciativa con eficacia demostrada y con una muy buena acogida por parte de la ciudadan\u00eda.<\/span><\/p>\n<p><span style=\"font-weight: 400;\">Al hilo de todo ello, ha reclamado al concejal Ortega que, si no se siente capaz de gestionar las actividades del \u00c1rea, <strong>d\u00e9 un paso al lado y presente su dimisi\u00f3n,<\/strong> m\u00e1s a\u00fan teniendo en cuenta, como \u00e9l mismo\u00a0 afirma en la entrevista, <strong>\u201cno vive de la pol\u00edtica\u201d,<\/strong> ya que tiene las espaldas cubiertas.<\/span><\/p>\n<p><span style=\"font-weight: 400;\">En cualquier caso, si contin\u00faa al frente del \u00c1rea, el concejal <strong>Daniel Ortega percibir\u00eda un salario bruto anual de 79.601 euros en 2025,<\/strong> por lo que podr\u00eda decirse que no vive de la pol\u00edtica \u201cporque no quiere\u201d ha afirmado con iron\u00eda Inma Omiste.<\/span><\/p>\n<p><br style=\"font-weight: 400;\" \/><br style=\"font-weight: 400;\" \/><br style=\"font-weight: 400;\" \/><br style=\"font-weight: 400;\" \/><\/p>\n","protected":false},"excerpt":{"rendered":"<p>Nos encontramos ante la pura incompetencia y desinter\u00e9s por la gesti\u00f3n eficaz de los recursos p\u00fablicos por parte de su gobierno, ha criticado la portavoz de IU Verdes Equo.<br \/>\nLa portavoz municipal de la coalici\u00f3n de izquierdas ha se\u00f1alado que, como siempre, los principales damnificados de esta situaci\u00f3n son los m\u00e1s d\u00e9biles, las personas con menores recursos y los m\u00e1s desfavorecidos, los ni\u00f1os y ni\u00f1as que no pueden continuar con su pr\u00e1ctica deportiva, las personas mayores usuarias de las instalaciones y las que las utilizan por razones terap\u00e9uticas. Personas que nada han importado a la alcaldesa y al concejal durante este tiempo perdido, dej\u00e1ndoles a su suerte por su incapacidad y su negligencia.<br \/>\nOmiste ha reclamado al concejal de Deportes que pida p\u00fablicamente perd\u00f3n a los vecinos y vecinas de Motril por su negligente actuaci\u00f3n en todos los \u00e1mbitos del \u00c1rea de Deportes, se\u00f1alando que, durante su mandato, pr\u00e1cticamente han desaparecido casi todas las escuelas deportivas municipales, a pesar de tratarse de una iniciativa con eficacia demostrada y con una muy buena acogida por parte de la ciudadan\u00eda.<\/p>\n","protected":false},"author":1,"featured_media":9184,"comment_status":"open","ping_status":"open","sticky":false,"template":"","format":"standard","meta":{"cybocfi_hide_featured_image":"","_jetpack_newsletter_access":"","_jetpack_dont_email_post_to_subs":false,"_jetpack_newsletter_tier_id":0,"_jetpack_memberships_contains_paywalled_content":false,"_jetpack_memberships_contains_paid_content":false,"footnotes":""},"categories":[177,265],"tags":[621,2197,87,2198,1723],"class_list":["post-10224","post","type-post","status-publish","format-standard","has-post-thumbnail","hentry","category-ciudad","category-esta-pasando","tag-area-deportes","tag-concejal-deportes","tag-gestion","tag-negligencia","tag-piscina-municipal"],"jetpack_featured_media_url":"https:\/\/iumotril.org\/sitio\/wp-content\/uploads\/2023\/05\/Piscina-cubierta-Motril.1.jpg","jetpack_sharing_enabled":true,"jetpack_shortlink":"https:\/\/wp.me\/p4QsU5-2EU","jetpack-related-posts":[{"id":10124,"url":"https:\/\/iumotril.org\/sitio\/el-gobierno-de-garcia-chamorro-esta-liquidando-el-area-de-deportes-municipal\/","url_meta":{"origin":10224,"position":0},"title":"El gobierno de Garc\u00eda Chamorro est\u00e1 liquidando el \u00c1rea de municipal de Deportes","author":"Izquierda Unida Motril","date":"24 septiembre, 2024","format":false,"excerpt":"A pesar de los anuncios y compromisos de la alcaldesa y del responsable del \u00c1rea, la piscina sigue cerrada, sin posibilidad de realizar inscripciones obligando a los usuarios a buscar alternativas, principalmente en instalaciones privadas, ya que no existe ninguna alternativa p\u00fablica para esta pr\u00e1ctica deportiva. Asimismo, Omiste ha denunciado\u2026","rel":"","context":"En \u00abAyuntamiento\u00bb","block_context":{"text":"Ayuntamiento","link":"https:\/\/iumotril.org\/sitio\/category\/ayuntamiento\/"},"img":{"alt_text":"","src":"https:\/\/i0.wp.com\/iumotril.org\/sitio\/wp-content\/uploads\/2024\/09\/Area-deportes.-jpeg.jpeg?resize=350%2C200&ssl=1","width":350,"height":200,"srcset":"https:\/\/i0.wp.com\/iumotril.org\/sitio\/wp-content\/uploads\/2024\/09\/Area-deportes.-jpeg.jpeg?resize=350%2C200&ssl=1 1x, https:\/\/i0.wp.com\/iumotril.org\/sitio\/wp-content\/uploads\/2024\/09\/Area-deportes.-jpeg.jpeg?resize=525%2C300&ssl=1 1.5x, https:\/\/i0.wp.com\/iumotril.org\/sitio\/wp-content\/uploads\/2024\/09\/Area-deportes.-jpeg.jpeg?resize=700%2C400&ssl=1 2x, https:\/\/i0.wp.com\/iumotril.org\/sitio\/wp-content\/uploads\/2024\/09\/Area-deportes.-jpeg.jpeg?resize=1050%2C600&ssl=1 3x"},"classes":[]},{"id":10824,"url":"https:\/\/iumotril.org\/sitio\/iu%e2%80%91verdes-equo-alerta-del-esquilme-de-las-escuelas-deportivas-y-el-deterioro-de-las-instalaciones-deportivas-municipales\/","url_meta":{"origin":10224,"position":1},"title":"IU\u2011Verdes Equo alerta del esquilme de las escuelas deportivas y el deterioro de las instalaciones deportivas municipales.","author":"Izquierda Unida Motril","date":"6 octubre, 2025","format":false,"excerpt":"La formaci\u00f3n ha reiterado que la plantilla del \u00c1rea de Deportes es totalmente insuficiente para Motril. Es necesario que se dote al \u00c1rea tanto de personal estructural, plantilla fija, creando empleo p\u00fablico de calidad, como de personal para cubrir las bajas y dem\u00e1s incidencias, y as\u00ed poder garantizar el funcionamiento\u2026","rel":"","context":"En \u00abAyuntamiento\u00bb","block_context":{"text":"Ayuntamiento","link":"https:\/\/iumotril.org\/sitio\/category\/ayuntamiento\/"},"img":{"alt_text":"","src":"https:\/\/i0.wp.com\/iumotril.org\/sitio\/wp-content\/uploads\/2025\/10\/Ana-H-scaled.jpeg?resize=350%2C200&ssl=1","width":350,"height":200,"srcset":"https:\/\/i0.wp.com\/iumotril.org\/sitio\/wp-content\/uploads\/2025\/10\/Ana-H-scaled.jpeg?resize=350%2C200&ssl=1 1x, https:\/\/i0.wp.com\/iumotril.org\/sitio\/wp-content\/uploads\/2025\/10\/Ana-H-scaled.jpeg?resize=525%2C300&ssl=1 1.5x, https:\/\/i0.wp.com\/iumotril.org\/sitio\/wp-content\/uploads\/2025\/10\/Ana-H-scaled.jpeg?resize=700%2C400&ssl=1 2x, https:\/\/i0.wp.com\/iumotril.org\/sitio\/wp-content\/uploads\/2025\/10\/Ana-H-scaled.jpeg?resize=1050%2C600&ssl=1 3x, https:\/\/i0.wp.com\/iumotril.org\/sitio\/wp-content\/uploads\/2025\/10\/Ana-H-scaled.jpeg?resize=1400%2C800&ssl=1 4x"},"classes":[]},{"id":8100,"url":"https:\/\/iumotril.org\/sitio\/iu-equo-denuncia-el-deficiente-funcionamiento-de-las-instalaciones-deportivas-municipales\/","url_meta":{"origin":10224,"position":2},"title":"IU-EQUO denuncia el mal funcionamiento de las instalaciones deportivas municipales","author":"Izquierda Unida Motril","date":"29 marzo, 2022","format":false,"excerpt":"La falta de personal en la plantilla, la improvisaci\u00f3n en la toma de decisiones y la voluntad de privatizaci\u00f3n de los servicios p\u00fablicos est\u00e1 haciendo mella en todos los servicios municipales, desde los de Informaci\u00f3n y atenci\u00f3n a la ciudadan\u00eda, a los de mantenimiento y limpieza de la ciudad. El\u2026","rel":"","context":"En \u00abEST\u00c1 PASANDO\u00bb","block_context":{"text":"EST\u00c1 PASANDO","link":"https:\/\/iumotril.org\/sitio\/category\/esta-pasando\/"},"img":{"alt_text":"","src":"https:\/\/i0.wp.com\/iumotril.org\/sitio\/wp-content\/uploads\/2022\/02\/INma-23-F-Mocion-violinsta-2-scaled.jpg?resize=350%2C200","width":350,"height":200,"srcset":"https:\/\/i0.wp.com\/iumotril.org\/sitio\/wp-content\/uploads\/2022\/02\/INma-23-F-Mocion-violinsta-2-scaled.jpg?resize=350%2C200 1x, https:\/\/i0.wp.com\/iumotril.org\/sitio\/wp-content\/uploads\/2022\/02\/INma-23-F-Mocion-violinsta-2-scaled.jpg?resize=525%2C300 1.5x, https:\/\/i0.wp.com\/iumotril.org\/sitio\/wp-content\/uploads\/2022\/02\/INma-23-F-Mocion-violinsta-2-scaled.jpg?resize=700%2C400 2x, https:\/\/i0.wp.com\/iumotril.org\/sitio\/wp-content\/uploads\/2022\/02\/INma-23-F-Mocion-violinsta-2-scaled.jpg?resize=1050%2C600 3x, https:\/\/i0.wp.com\/iumotril.org\/sitio\/wp-content\/uploads\/2022\/02\/INma-23-F-Mocion-violinsta-2-scaled.jpg?resize=1400%2C800 4x"},"classes":[]},{"id":8657,"url":"https:\/\/iumotril.org\/sitio\/iu-equo-demanda-un-plan-de-mantenimiento-integral-de-las-instalaciones-deportivas-municipales\/","url_meta":{"origin":10224,"position":3},"title":"IU-Equo demanda un Plan de mantenimiento integral de las instalaciones deportivas municipales","author":"Izquierda Unida Motril","date":"23 noviembre, 2022","format":false,"excerpt":"Los usuarios y usuarias de las instalaciones deportivas municipales est\u00e1n constatando, d\u00eda a d\u00eda, el evidente deterioro de los recintos y equipamientos deportivos municipales y padeciendo sus negativas consecuencias para la pr\u00e1ctica de las distintas actividades que pretenden realizar. Las deficiencias en las instalaciones y en los equipamientos son diversas,\u2026","rel":"","context":"En \u00abEST\u00c1 PASANDO\u00bb","block_context":{"text":"EST\u00c1 PASANDO","link":"https:\/\/iumotril.org\/sitio\/category\/esta-pasando\/"},"img":{"alt_text":"","src":"https:\/\/i0.wp.com\/iumotril.org\/sitio\/wp-content\/uploads\/2022\/11\/Piscina-municipal.jpg?resize=350%2C200&ssl=1","width":350,"height":200,"srcset":"https:\/\/i0.wp.com\/iumotril.org\/sitio\/wp-content\/uploads\/2022\/11\/Piscina-municipal.jpg?resize=350%2C200&ssl=1 1x, https:\/\/i0.wp.com\/iumotril.org\/sitio\/wp-content\/uploads\/2022\/11\/Piscina-municipal.jpg?resize=525%2C300&ssl=1 1.5x, https:\/\/i0.wp.com\/iumotril.org\/sitio\/wp-content\/uploads\/2022\/11\/Piscina-municipal.jpg?resize=700%2C400&ssl=1 2x"},"classes":[]},{"id":5657,"url":"https:\/\/iumotril.org\/sitio\/iu-equo-denuncia-la-falta-de-monitores-en-el-area-de-deportes-municipal\/","url_meta":{"origin":10224,"position":4},"title":"IU-Equo denuncia la falta de monitores en el \u00c1rea de Deportes municipal","author":"Izquierda Unida Motril","date":"12 marzo, 2020","format":false,"excerpt":"El \u00c1rea de Deportes municipal es otra v\u00edctima de las pol\u00edticas de recortes y de la llamada austeridad del Partido Popular, al igual que el resto de las \u00e1reas municipales. A ello se le une la desastrosa pol\u00edtica de personal que las empleadas y empleados p\u00fablicos vienen sufriendo en los\u2026","rel":"","context":"En \u00abAyuntamiento\u00bb","block_context":{"text":"Ayuntamiento","link":"https:\/\/iumotril.org\/sitio\/category\/ayuntamiento\/"},"img":{"alt_text":"","src":"https:\/\/i0.wp.com\/iumotril.org\/sitio\/wp-content\/uploads\/2020\/03\/Jose-e-Inma_12-marzo-1024x768.jpg?resize=350%2C200","width":350,"height":200,"srcset":"https:\/\/i0.wp.com\/iumotril.org\/sitio\/wp-content\/uploads\/2020\/03\/Jose-e-Inma_12-marzo-1024x768.jpg?resize=350%2C200 1x, https:\/\/i0.wp.com\/iumotril.org\/sitio\/wp-content\/uploads\/2020\/03\/Jose-e-Inma_12-marzo-1024x768.jpg?resize=525%2C300 1.5x"},"classes":[]},{"id":2477,"url":"https:\/\/iumotril.org\/sitio\/la-media-maraton-de-motril-un-fracaso-anunciado\/","url_meta":{"origin":10224,"position":5},"title":"LA MEDIA MARAT\u00d3N DE MOTRIL, UN FRACASO ANUNCIADO","author":"Izquierda Unida Motril","date":"28 octubre, 2016","format":false,"excerpt":"Izquierda Unida ha exigido a la Alcaldesa, Flor Alm\u00f3n, que intervenga de una vez por todas, con valent\u00eda y determinaci\u00f3n pol\u00edtica, para poner fin a la incompetencia y a las actuaciones incontroladas del gobierno municipal paralelo del Partido Andalucista de los hermanos Esc\u00e1mez.","rel":"","context":"En \u00abEST\u00c1 PASANDO\u00bb","block_context":{"text":"EST\u00c1 PASANDO","link":"https:\/\/iumotril.org\/sitio\/category\/esta-pasando\/"},"img":{"alt_text":"nueva-pc3a1gina-web-de-la-xxxiii-edicic3b3n-de-la-media-marathon-ciudad-de-motril","src":"https:\/\/i0.wp.com\/iumotril.org\/sitio\/wp-content\/uploads\/2016\/10\/nueva-pc3a1gina-web-de-la-xxxiii-edicic3b3n-de-la-media-marathon-ciudad-de-motril.png?resize=350%2C200","width":350,"height":200},"classes":[]}],"jetpack_likes_enabled":true,"_links":{"self":[{"href":"https:\/\/iumotril.org\/sitio\/wp-json\/wp\/v2\/posts\/10224","targetHints":{"allow":["GET"]}}],"collection":[{"href":"https:\/\/iumotril.org\/sitio\/wp-json\/wp\/v2\/posts"}],"about":[{"href":"https:\/\/iumotril.org\/sitio\/wp-json\/wp\/v2\/types\/post"}],"author":[{"embeddable":true,"href":"https:\/\/iumotril.org\/sitio\/wp-json\/wp\/v2\/users\/1"}],"replies":[{"embeddable":true,"href":"https:\/\/iumotril.org\/sitio\/wp-json\/wp\/v2\/comments?post=10224"}],"version-history":[{"count":6,"href":"https:\/\/iumotril.org\/sitio\/wp-json\/wp\/v2\/posts\/10224\/revisions"}],"predecessor-version":[{"id":10234,"href":"https:\/\/iumotril.org\/sitio\/wp-json\/wp\/v2\/posts\/10224\/revisions\/10234"}],"wp:featuredmedia":[{"embeddable":true,"href":"https:\/\/iumotril.org\/sitio\/wp-json\/wp\/v2\/media\/9184"}],"wp:attachment":[{"href":"https:\/\/iumotril.org\/sitio\/wp-json\/wp\/v2\/media?parent=10224"}],"wp:term":[{"taxonomy":"category","embeddable":true,"href":"https:\/\/iumotril.org\/sitio\/wp-json\/wp\/v2\/categories?post=10224"},{"taxonomy":"post_tag","embeddable":true,"href":"https:\/\/iumotril.org\/sitio\/wp-json\/wp\/v2\/tags?post=10224"}],"curies":[{"name":"wp","href":"https:\/\/api.w.org\/{rel}","templated":true}]}}