{"id":10170,"date":"2024-10-10T18:53:22","date_gmt":"2024-10-10T16:53:22","guid":{"rendered":"https:\/\/iumotril.org\/sitio\/?p=10170"},"modified":"2024-10-10T18:53:22","modified_gmt":"2024-10-10T16:53:22","slug":"rechazamos-la-supresion-de-beneficios-sociales-en-impuestos-y-tasas-municipales-a-parados-y-familias-vulnerables","status":"publish","type":"post","link":"https:\/\/iumotril.org\/sitio\/rechazamos-la-supresion-de-beneficios-sociales-en-impuestos-y-tasas-municipales-a-parados-y-familias-vulnerables\/","title":{"rendered":"Rechazamos la supresi\u00f3n de beneficios sociales en impuestos y tasas municipales a parados y familias vulnerables"},"content":{"rendered":"<h3><span style=\"color: #993300;\"><strong>Reclamamos que el gobierno local incluya en el presupuesto municipal medidas que permitan a los parados de larga duraci\u00f3n y a las familias vulnerables seguir reduciendo la cuant\u00eda econ\u00f3mica en sus recibos del IBI y en otras tasas municipales.<\/strong><\/span><\/h3>\n<p>Inma Omiste, ha criticado la modificaci\u00f3n de las ordenanzas fiscales para eliminar por cuestiones t\u00e9cnicas las <strong>bonificaciones<\/strong> que hasta ahora se ven\u00edan aplicando\u00a0 a los parados de larga duraci\u00f3n en el pago de su contribuci\u00f3n y de tasas municipales.<\/p>\n<p>La portavoz municipal de la coalici\u00f3n de izquierdas ha informado de que esta bonificaci\u00f3n lleva aplic\u00e1ndose desde hace seis a\u00f1os a propuesta de Izquierda Unida en su momento para que <strong>los parados de larga duraci\u00f3n pudieran bonificarse el 90 por ciento de la cuant\u00eda del impuesto<\/strong>. Se trata de una bonificaci\u00f3n que ha beneficiado a un colectivo bastante limitado, por lo que la cuant\u00eda que se ha dejado de recaudar ha sido irrelevante para las arcas municipales. Sin embargo, se trata de <strong>cuant\u00edas importantes para las familias<\/strong> con escasos recursos econ\u00f3micos, de ah\u00ed la importancia de mantenerlas.<\/p>\n<figure id=\"attachment_10175\" aria-describedby=\"caption-attachment-10175\" style=\"width: 408px\" class=\"wp-caption alignleft\"><img loading=\"lazy\" decoding=\"async\" data-attachment-id=\"10175\" data-permalink=\"https:\/\/iumotril.org\/sitio\/rechazamos-la-supresion-de-beneficios-sociales-en-impuestos-y-tasas-municipales-a-parados-y-familias-vulnerables\/inma-rp-area-deportes-2\/\" data-orig-file=\"https:\/\/iumotril.org\/sitio\/wp-content\/uploads\/2024\/10\/Inma-RP-Area-Deportes.jpg\" data-orig-size=\"1313,2449\" data-comments-opened=\"1\" data-image-meta=\"{&quot;aperture&quot;:&quot;1.6&quot;,&quot;credit&quot;:&quot;&quot;,&quot;camera&quot;:&quot;iPhone 12&quot;,&quot;caption&quot;:&quot;&quot;,&quot;created_timestamp&quot;:&quot;1726830300&quot;,&quot;copyright&quot;:&quot;&quot;,&quot;focal_length&quot;:&quot;4.2&quot;,&quot;iso&quot;:&quot;64&quot;,&quot;shutter_speed&quot;:&quot;0.01&quot;,&quot;title&quot;:&quot;&quot;,&quot;orientation&quot;:&quot;1&quot;}\" data-image-title=\"Inma RP Area Deportes\" data-image-description=\"\" data-image-caption=\"\" data-large-file=\"https:\/\/iumotril.org\/sitio\/wp-content\/uploads\/2024\/10\/Inma-RP-Area-Deportes-549x1024.jpg\" class=\"wp-image-10175\" src=\"https:\/\/iumotril.org\/sitio\/wp-content\/uploads\/2024\/10\/Inma-RP-Area-Deportes-549x1024.jpg\" alt=\"\" width=\"408\" height=\"761\" srcset=\"https:\/\/iumotril.org\/sitio\/wp-content\/uploads\/2024\/10\/Inma-RP-Area-Deportes-549x1024.jpg 549w, https:\/\/iumotril.org\/sitio\/wp-content\/uploads\/2024\/10\/Inma-RP-Area-Deportes-161x300.jpg 161w, https:\/\/iumotril.org\/sitio\/wp-content\/uploads\/2024\/10\/Inma-RP-Area-Deportes-768x1432.jpg 768w, https:\/\/iumotril.org\/sitio\/wp-content\/uploads\/2024\/10\/Inma-RP-Area-Deportes-824x1536.jpg 824w, https:\/\/iumotril.org\/sitio\/wp-content\/uploads\/2024\/10\/Inma-RP-Area-Deportes-1098x2048.jpg 1098w, https:\/\/iumotril.org\/sitio\/wp-content\/uploads\/2024\/10\/Inma-RP-Area-Deportes.jpg 1313w\" sizes=\"auto, (max-width: 408px) 100vw, 408px\" \/><figcaption id=\"caption-attachment-10175\" class=\"wp-caption-text\">Inma Omiste portavoz municipal de IU Verdes Equo<\/figcaption><\/figure>\n<p>Seg\u00fan Inma Omiste, en los cinco a\u00f1os de gobierno de las derechas motrile\u00f1as en la ciudad, <strong>ninguna de las modificaciones fiscales que se han llevado a cabo ha sido en beneficio de la ciudadan\u00eda y a\u00fan menos de las familias m\u00e1s vulnerables.<\/strong> Ha recordado la subida de la tasa de basura de principios de este a\u00f1o para allanar el camino de la privatizaci\u00f3n del servicio municipal de limpieza.<\/p>\n<p>Omiste ha demandado la elaboraci\u00f3n de<strong> estudios de costes econ\u00f3micos de los servicios municipales<\/strong> para adecuar el importe que pagan los vecinos a las caracter\u00edsticas y coste real de los servicios, algo que no se ha hecho en los largos a\u00f1os de gobierno de Garc\u00eda Chamorra al frente del Ayuntamiento, a pesar del mantra de la derecha de la bajada de impuestos, que se ha quedado como <strong>otra de las promesas incumplidas del Partido Popular.<\/strong><\/p>\n<p>La portavoz del Grupo municipal de IU Verdes Equo ha denunciado que, a pesar de la recaudaci\u00f3n fiscal que se realiza, es evidente la <strong>situaci\u00f3n de desmantelamiento de los servicios municipales<\/strong>: no hay conserjes para las instalaciones municipales, no hay personal suficiente en los servicios municipales, no funcionan las escuelas deportivas, no se ha implantado la Zona de Bajas Emisiones, la piscina municipal lleva m\u00e1s de dos a\u00f1os con sus instalaciones cerradas, los problemas de suciedad y falta de mantenimiento de la ciudad siguen estando a la orden del d\u00eda.<\/p>\n<p>Adem\u00e1s, ha se\u00f1alado que hay problemas para sacar adelante los contratos de prestaci\u00f3n de servicios; el <strong>\u00c1rea de Contrataci\u00f3n se muestra incapaz<\/strong> de dar una respuesta adecuada para la formalizaci\u00f3n de la prestaci\u00f3n de servicios, como es el caso del contrato de desratizaci\u00f3n y desinsectaci\u00f3n y otros que llevan a\u00f1os prorrogandose, sin haber sido actualizados durante este per\u00edodo.<\/p>\n<p>Toda esta situaci\u00f3n, ha enfatizado, va <strong>siempre en perjuicio de los m\u00e1s desfavorecidos<\/strong> y evidencia la <strong>falta de empat\u00eda del gobierno de Garc\u00eda Chamorr<\/strong>o con la ciudadan\u00eda, de manera especial con las familias trabajadoras.<\/p>\n","protected":false},"excerpt":{"rendered":"<p>En los cinco a\u00f1os de gobierno de las derechas motrile\u00f1as en la ciudad, ninguna de las modificaciones fiscales que se han llevado a cabo ha sido en beneficio de la ciudadan\u00eda y a\u00fan menos de las familias m\u00e1s vulnerables. Ha recordado la subida de la tasa de basura de principios de este a\u00f1o para allanar el camino de la privatizaci\u00f3n del servicio municipal de limpieza.<br \/>\nOmiste ha demandado la elaboraci\u00f3n de estudios de costes econ\u00f3micos de los servicios municipales para adecuar el importe que pagan los vecinos a las caracter\u00edsticas y coste real de los servicios, algo que no se ha hecho en los largos a\u00f1os de gobierno de Garc\u00eda Chamorra al frente del Ayuntamiento, a pesar del mantra de la derecha de la bajada de impuestos, que se ha quedado como otra de las promesas incumplidas del Partido Popular.<br \/>\nLa portavoz del Grupo municipal de IU Verdes Equo ha denunciado que, a pesar de la recaudaci\u00f3n fiscal que se realiza, es evidente la situaci\u00f3n de desmantelamiento de los servicios municipales: no hay conserjes para las instalaciones municipales, no hay personal suficiente en los servicios municipales, no funcionan las escuelas deportivas, no se ha implantado la Zona de Bajas Emisiones, la piscina municipal lleva m\u00e1s de dos a\u00f1os con sus instalaciones cerradas, los problemas de suciedad y falta de mantenimiento de la ciudad siguen estando a la orden del d\u00eda.<br \/>\nAdem\u00e1s, ha se\u00f1alado que hay problemas para sacar adelante los contratos de prestaci\u00f3n de servicios; el \u00c1rea de Contrataci\u00f3n se muestra incapaz de dar una respuesta adecuada para la formalizaci\u00f3n de la prestaci\u00f3n de servicios, como es el caso del contrato de desratizaci\u00f3n y desinsectaci\u00f3n y otros que llevan a\u00f1os prorrogandose, sin haber sido actualizados durante este per\u00edodo.<br \/>\nToda esta situaci\u00f3n, ha enfatizado, va siempre en perjuicio de los m\u00e1s desfavorecidos y evidencia la falta de empat\u00eda del gobierno de Garc\u00eda Chamorro con la ciudadan\u00eda, de manera especial con las familias trabajadoras.<\/p>\n","protected":false},"author":1,"featured_media":10174,"comment_status":"open","ping_status":"open","sticky":false,"template":"","format":"standard","meta":{"cybocfi_hide_featured_image":"","_jetpack_newsletter_access":"","_jetpack_dont_email_post_to_subs":false,"_jetpack_newsletter_tier_id":0,"_jetpack_memberships_contains_paywalled_content":false,"_jetpack_memberships_contains_paid_content":false,"footnotes":""},"categories":[7,265,43],"tags":[2185,1850,263,276,609,994,2184],"class_list":["post-10170","post","type-post","status-publish","format-standard","has-post-thumbnail","hentry","category-ayuntamiento","category-esta-pasando","category-impuestos-locales","tag-bonificaciones-fiscales","tag-familias-trabajadoras","tag-ibi","tag-impuestos-municipales","tag-parados","tag-tasas","tag-vulnerabilidad"],"jetpack_featured_media_url":"https:\/\/iumotril.org\/sitio\/wp-content\/uploads\/2024\/10\/Impuestos-municipales.jpg","jetpack_sharing_enabled":true,"jetpack_shortlink":"https:\/\/wp.me\/p4QsU5-2E2","jetpack-related-posts":[{"id":1384,"url":"https:\/\/iumotril.org\/sitio\/izquierda-unida-propone-una-bajada-real-en-los-impuestos-municipales\/","url_meta":{"origin":10170,"position":0},"title":"Izquierda Unida propone una bajada real en los impuestos municipales","author":"Izquierda Unida Motril","date":"21 septiembre, 2015","format":false,"excerpt":"Izquierda Unida solicitar\u00e1 al equipo de gobierno que los presupuestos municipales para el pr\u00f3ximo a\u00f1o recojan una bajada significativa del recibo de la contribuci\u00f3n (Impuesto de Bienes Inmuebles) que beneficie sobre todo a las familias m\u00e1s desfavorecidas. Defender\u00e1 que la prioridad de los presupuestos para el pr\u00f3ximo a\u00f1o debe ser\u2026","rel":"","context":"En \u00abAyuntamiento\u00bb","block_context":{"text":"Ayuntamiento","link":"https:\/\/iumotril.org\/sitio\/category\/ayuntamiento\/"},"img":{"alt_text":"Daniela Paque_2","src":"https:\/\/i0.wp.com\/iumotril.org\/sitio\/wp-content\/uploads\/2015\/09\/Daniela-Paque_2-291x300.jpg?resize=350%2C200","width":350,"height":200},"classes":[]},{"id":1805,"url":"https:\/\/iumotril.org\/sitio\/por-iniciativa-de-izquierda-unida-se-pondran-en-marcha-medidas-de-apoyo-al-sector-agrario\/","url_meta":{"origin":10170,"position":1},"title":"POR INICIATIVA DE IZQUIERDA UNIDA SE PONDR\u00c1N EN MARCHA MEDIDAS DE APOYO AL SECTOR AGRARIO","author":"Izquierda Unida Motril","date":"22 diciembre, 2015","format":false,"excerpt":"Ante la grave situaci\u00f3n por la que est\u00e1n pasando los peque\u00f1os agricultores en Motril y su comarca debida a la ca\u00edda de los precios hasta niveles por debajo del umbral del coste de producci\u00f3n, el Grupo Municipal de Izquierda Unida ha logrado el apoyo del Pleno Municipal a su propuesta\u2026","rel":"","context":"En \u00abEST\u00c1 PASANDO\u00bb","block_context":{"text":"EST\u00c1 PASANDO","link":"https:\/\/iumotril.org\/sitio\/category\/esta-pasando\/"},"img":{"alt_text":"Motril@Digital","src":"https:\/\/i0.wp.com\/iumotril.org\/sitio\/wp-content\/uploads\/2015\/12\/crisis-pepinos.jpg?resize=350%2C200","width":350,"height":200},"classes":[]},{"id":1469,"url":"https:\/\/iumotril.org\/sitio\/izquierda-unida-no-apoyara-bajadas-simbolicas-de-los-impuestos-municipales\/","url_meta":{"origin":10170,"position":2},"title":"IZQUIERDA UNIDA NO APOYAR\u00c1 BAJADAS SIMB\u00d3LICAS DE LOS IMPUESTOS MUNICIPALES","author":"Izquierda Unida Motril","date":"9 octubre, 2015","format":false,"excerpt":"Ante la pr\u00f3xima modificaci\u00f3n de las Ordenanzas fiscales reguladoras de diferentes tasas e impuestos, entre ellos el de la contribuci\u00f3n (Impuesto de Bienes Inmuebles), la tasa de basuras y otras, el Grupo municipal de Izquierda Unida ha anunciado que defender\u00e1 una bajada real en los recibos, especialmente para los contribuyentes\u2026","rel":"","context":"En \u00abEST\u00c1 PASANDO\u00bb","block_context":{"text":"EST\u00c1 PASANDO","link":"https:\/\/iumotril.org\/sitio\/category\/esta-pasando\/"},"img":{"alt_text":"Motril libre desahucios_2","src":"https:\/\/i0.wp.com\/iumotril.org\/sitio\/wp-content\/uploads\/2015\/09\/Motril-libre-desahucios_2-1024x467.jpg?resize=350%2C200","width":350,"height":200,"srcset":"https:\/\/i0.wp.com\/iumotril.org\/sitio\/wp-content\/uploads\/2015\/09\/Motril-libre-desahucios_2-1024x467.jpg?resize=350%2C200 1x, https:\/\/i0.wp.com\/iumotril.org\/sitio\/wp-content\/uploads\/2015\/09\/Motril-libre-desahucios_2-1024x467.jpg?resize=525%2C300 1.5x"},"classes":[]},{"id":1839,"url":"https:\/\/iumotril.org\/sitio\/izquierda-unida-reclama-la-exencion-del-pago-de-tasas-municipales-a-los-desempleadosas\/","url_meta":{"origin":10170,"position":3},"title":"IZQUIERDA UNIDA RECLAMA LA EXENCI\u00d3N DEL PAGO DE TASAS MUNICIPALES A LOS DESEMPLEADOS\/AS","author":"Izquierda Unida Motril","date":"26 enero, 2016","format":false,"excerpt":"En una moci\u00f3n que ha presentado al pr\u00f3ximo Pleno municipal, que se celebra el viernes d\u00eda 29, solicita la modificaci\u00f3n de las Ordenanzas fiscales para que se exima del pago de tasas para participar en procesos de selecci\u00f3n de empleo p\u00fablico a las personas que est\u00e9n en situaci\u00f3n de desempleo\u2026","rel":"","context":"En \u00abAyuntamiento\u00bb","block_context":{"text":"Ayuntamiento","link":"https:\/\/iumotril.org\/sitio\/category\/ayuntamiento\/"},"img":{"alt_text":"sae motril","src":"https:\/\/i0.wp.com\/iumotril.org\/sitio\/wp-content\/uploads\/2015\/09\/sae-motril.jpg?resize=350%2C200","width":350,"height":200},"classes":[]},{"id":1493,"url":"https:\/\/iumotril.org\/sitio\/carta-abierta-a-los-comerciantes-y-hosteleros-de-motril\/","url_meta":{"origin":10170,"position":4},"title":"Carta abierta  a los comerciantes y hosteleros de Motril","author":"Izquierda Unida Motril","date":"16 octubre, 2015","format":false,"excerpt":"Izquierda Unida no se ha opuesto a una bajada de la tasa de utilizaci\u00f3n de dominio p\u00fablico. Ha rechazado una propuesta injusta y desfavorable para la mayor\u00eda ciudadana. Seguir\u00e1 defendiendo una bajada justa y progresiva de los impuestos municipales que beneficie a la mayor\u00eda de los ciudadanos, en defensa del\u2026","rel":"","context":"En \u00abEST\u00c1 PASANDO\u00bb","block_context":{"text":"EST\u00c1 PASANDO","link":"https:\/\/iumotril.org\/sitio\/category\/esta-pasando\/"},"img":{"alt_text":"Rebaja Impuestos REDUCIDA","src":"https:\/\/i0.wp.com\/iumotril.org\/sitio\/wp-content\/uploads\/2015\/10\/Rebaja-Impuestos-REDUCIDA-300x212.jpg?resize=350%2C200","width":350,"height":200},"classes":[]},{"id":4124,"url":"https:\/\/iumotril.org\/sitio\/exigimos-la-modificacion-de-ordenanzas-fiscales-para-favorecer-a-comerciantes-familias-y-desempleados\/","url_meta":{"origin":10170,"position":5},"title":"Exigimos la modificaci\u00f3n de Ordenanzas Fiscales para favorecer a comerciantes, familias y desempleados","author":"Izquierda Unida Motril","date":"5 noviembre, 2018","format":false,"excerpt":"Izquierda Unida viene denunciando durante todo el mandato de Flor Alm\u00f3n el incumplimiento reiterado por parte del gobierno local de las mociones aprobadas por el Pleno de la Corporaci\u00f3n. Una falta de compromiso que entiende como un desprecio a las reglas de funcionamiento democr\u00e1tico de la instituci\u00f3n municipal y, sobre\u2026","rel":"","context":"En \u00abAyuntamiento\u00bb","block_context":{"text":"Ayuntamiento","link":"https:\/\/iumotril.org\/sitio\/category\/ayuntamiento\/"},"img":{"alt_text":"","src":"https:\/\/i0.wp.com\/iumotril.org\/sitio\/wp-content\/uploads\/2017\/11\/cajero-300x200.jpg?resize=350%2C200","width":350,"height":200},"classes":[]}],"jetpack_likes_enabled":true,"_links":{"self":[{"href":"https:\/\/iumotril.org\/sitio\/wp-json\/wp\/v2\/posts\/10170","targetHints":{"allow":["GET"]}}],"collection":[{"href":"https:\/\/iumotril.org\/sitio\/wp-json\/wp\/v2\/posts"}],"about":[{"href":"https:\/\/iumotril.org\/sitio\/wp-json\/wp\/v2\/types\/post"}],"author":[{"embeddable":true,"href":"https:\/\/iumotril.org\/sitio\/wp-json\/wp\/v2\/users\/1"}],"replies":[{"embeddable":true,"href":"https:\/\/iumotril.org\/sitio\/wp-json\/wp\/v2\/comments?post=10170"}],"version-history":[{"count":6,"href":"https:\/\/iumotril.org\/sitio\/wp-json\/wp\/v2\/posts\/10170\/revisions"}],"predecessor-version":[{"id":10178,"href":"https:\/\/iumotril.org\/sitio\/wp-json\/wp\/v2\/posts\/10170\/revisions\/10178"}],"wp:featuredmedia":[{"embeddable":true,"href":"https:\/\/iumotril.org\/sitio\/wp-json\/wp\/v2\/media\/10174"}],"wp:attachment":[{"href":"https:\/\/iumotril.org\/sitio\/wp-json\/wp\/v2\/media?parent=10170"}],"wp:term":[{"taxonomy":"category","embeddable":true,"href":"https:\/\/iumotril.org\/sitio\/wp-json\/wp\/v2\/categories?post=10170"},{"taxonomy":"post_tag","embeddable":true,"href":"https:\/\/iumotril.org\/sitio\/wp-json\/wp\/v2\/tags?post=10170"}],"curies":[{"name":"wp","href":"https:\/\/api.w.org\/{rel}","templated":true}]}}