{"id":1017,"date":"2015-07-09T13:09:01","date_gmt":"2015-07-09T11:09:01","guid":{"rendered":"http:\/\/iumotril.org\/sitio\/?p=1017"},"modified":"2015-07-09T13:09:01","modified_gmt":"2015-07-09T11:09:01","slug":"el-incendio-en-la-sierra-de-lujar-evidencia-la-necesidad-de-dotar-de-la-maxima-proteccion-a-los-espacios-de-alto-valor-medioambiental-de-la-comarca","status":"publish","type":"post","link":"https:\/\/iumotril.org\/sitio\/el-incendio-en-la-sierra-de-lujar-evidencia-la-necesidad-de-dotar-de-la-maxima-proteccion-a-los-espacios-de-alto-valor-medioambiental-de-la-comarca\/","title":{"rendered":"EL INCENDIO EN LA SIERRA DE LUJAR EVIDENCIA LA NECESIDAD DE DOTAR DE LA M\u00c1XIMA PROTECCI\u00d3N A LOS ESPACIOS DE ALTO VALOR MEDIOAMBIENTAL DE LA COMARCA"},"content":{"rendered":"<p style=\"text-align: justify;\"><strong>La declaraci\u00f3n de Sierra de Lujar como Parque Natural seguir\u00e1 contando con el apoyo decidido de Izquierda Unida que ya lo incluy\u00f3 como uno de los puntos del Acuerdo program\u00e1tico que alcanz\u00f3 con el PSOE para la investidura de Flor Alm\u00f3n como Alcaldesa de Motril.<\/strong><\/p>\n<p><a href=\"https:\/\/iumotril.org\/sitio\/wp-content\/uploads\/2015\/07\/incendio-lujar.jpg\"><img loading=\"lazy\" decoding=\"async\" data-attachment-id=\"1028\" data-permalink=\"https:\/\/iumotril.org\/sitio\/el-incendio-en-la-sierra-de-lujar-evidencia-la-necesidad-de-dotar-de-la-maxima-proteccion-a-los-espacios-de-alto-valor-medioambiental-de-la-comarca\/incendio-lujar\/\" data-orig-file=\"https:\/\/iumotril.org\/sitio\/wp-content\/uploads\/2015\/07\/incendio-lujar.jpg\" data-orig-size=\"1175,508\" data-comments-opened=\"1\" data-image-meta=\"{&quot;aperture&quot;:&quot;0&quot;,&quot;credit&quot;:&quot;&quot;,&quot;camera&quot;:&quot;&quot;,&quot;caption&quot;:&quot;&quot;,&quot;created_timestamp&quot;:&quot;0&quot;,&quot;copyright&quot;:&quot;&quot;,&quot;focal_length&quot;:&quot;0&quot;,&quot;iso&quot;:&quot;0&quot;,&quot;shutter_speed&quot;:&quot;0&quot;,&quot;title&quot;:&quot;&quot;,&quot;orientation&quot;:&quot;0&quot;}\" data-image-title=\"incendio sierra Lujar\" data-image-description=\"\" data-image-caption=\"\" data-large-file=\"https:\/\/iumotril.org\/sitio\/wp-content\/uploads\/2015\/07\/incendio-lujar-1024x443.jpg\" class=\"alignleft size-medium wp-image-1028\" src=\"https:\/\/iumotril.org\/sitio\/wp-content\/uploads\/2015\/07\/incendio-lujar-300x130.jpg\" alt=\"Sierra Lujar Parque Natural\" width=\"300\" height=\"130\" srcset=\"https:\/\/iumotril.org\/sitio\/wp-content\/uploads\/2015\/07\/incendio-lujar-300x130.jpg 300w, https:\/\/iumotril.org\/sitio\/wp-content\/uploads\/2015\/07\/incendio-lujar-768x332.jpg 768w, https:\/\/iumotril.org\/sitio\/wp-content\/uploads\/2015\/07\/incendio-lujar-1024x443.jpg 1024w, https:\/\/iumotril.org\/sitio\/wp-content\/uploads\/2015\/07\/incendio-lujar.jpg 1175w\" sizes=\"auto, (max-width: 300px) 100vw, 300px\" \/><\/a>La declaraci\u00f3n de la Sierra de Lujar como espacio natural protegido viene siendo reivindicada desde hace algunos a\u00f1os por la Asociaci\u00f3n ecologista <a href=\"http:\/\/www.asociacionbuxus.es\/\" target=\"_blank\">Buxus<\/a> y otros colectivos vinculados a la defensa medioambiental. La singularidad de esta sierra costera \u00fanica en su clase tiene sobrados valores medioambientales para conseguir la declaraci\u00f3n de Parque Natural, por lo que ha contado desde el primer momento con el apoyo de Izquierda Unida y de la mayor parte \u00a0de la sociedad de la Comarca de la Costa.<\/p>\n<p>Sin embargo, diferentes intereses \u2013especulativos en algunos casos, de otra \u00edndole en otros&#8211; y la complejidad administrativa que conlleva la declaraci\u00f3n como <a href=\"http:\/\/sierralujarparquenatural.blogspot.com.es\/\" target=\"_blank\">Parque Natural<\/a>, hacen que el proceso se prolongue en el tiempo y obligue a\u00a0 abordarla como un objetivo a medio o largo plazo. Mientras tanto, la falta de protecci\u00f3n eleva los riesgos de que puedan producirse <a href=\"http:\/\/www.ideal.es\/granada\/costa\/201507\/08\/alerta-incendio-sierra-lujar-20150708114436.html\" target=\"_blank\">cat\u00e1strofes<\/a> como la que ahora ha sucedido y de la que a\u00fan se desconocen su causas.<\/p>\n<p>En primer lugar, Izquierda Unida quiere mostrar su solidaridad con los vecinos de las localidades afectadas y su apoyo a los voluntarios\/as de Protecci\u00f3n Civil y a todas las personas que est\u00e1n colaborando en las tareas de extinci\u00f3n. A la vez, reclama a todas las Administraciones que no escatimen la puesta a disposici\u00f3n de los medios que puedan resultar necesarios para su total extinci\u00f3n, \u00a0de un modo especial al Ayuntamiento de Motril a trav\u00e9s del Parque de Bomberos y de la Agrupaci\u00f3n de Voluntarios de Protecci\u00f3n Civil.<\/p>\n<p>Para Izquierda Unida resulta oportuno llamar la atenci\u00f3n acerca de la reforma de la <a href=\"http:\/\/politica.elpais.com\/politica\/2015\/07\/08\/actualidad\/1436361267_255365.html\" target=\"_blank\">Ley de Montes<\/a> aprobada definitivamente ayer por el Gobierno del Partido Popular, que permite que se recalifiquen determinadas zonas forestales quemadas.<\/p>\n<p>Seg\u00fan ha se\u00f1alado Inma Omiste, responsable del \u00c1rea de Medio Ambiente del Grupo municipal de Izquierda Unida, la reforma de la Ley supone un ataque frontal al medio ambiente, ya que impide, por ejemplo, que los Agentes forestales puedan desarrollar su trabajo de vigilancia del medio ambiente, as\u00ed como investigar y remitir a la Fiscal\u00eda sus atestados en casos de delitos penales como incendios forestales, delitos contra la fauna o la flora, o los casos de maltrato animal, entre otras.<\/p>\n","protected":false},"excerpt":{"rendered":"<p>Izquierda Unida quiere mostrar su solidaridad con los vecinos de las localidades afectadas y su apoyo a los voluntarios\/as de Protecci\u00f3n Civil y a todas las personas que est\u00e1n colaborando en las tareas de extinci\u00f3n. A la vez, reclama a todas las Administraciones que no escatimen la puesta a disposici\u00f3n de los medios que puedan resultar necesarios para su total extinci\u00f3n,  de un modo especial al Ayuntamiento de Motril a trav\u00e9s del Parque de Bomberos y de la Agrupaci\u00f3n de Voluntarios de Protecci\u00f3n Civil.<\/p>\n","protected":false},"author":1,"featured_media":0,"comment_status":"open","ping_status":"open","sticky":false,"template":"","format":"standard","meta":{"cybocfi_hide_featured_image":"","_jetpack_newsletter_access":"","_jetpack_dont_email_post_to_subs":false,"_jetpack_newsletter_tier_id":0,"_jetpack_memberships_contains_paywalled_content":false,"_jetpack_memberships_contains_paid_content":false,"footnotes":""},"categories":[1],"tags":[167,168,93,166,165],"class_list":["post-1017","post","type-post","status-publish","format-standard","hentry","category-sin-categoria","tag-incendios-forestales","tag-ley-montes-pp","tag-motril","tag-parque-natural","tag-sierra-lujar"],"jetpack_featured_media_url":"","jetpack_sharing_enabled":true,"jetpack_shortlink":"https:\/\/wp.me\/p4QsU5-gp","jetpack-related-posts":[{"id":1062,"url":"https:\/\/iumotril.org\/sitio\/todos-se-apuntan-a-la-proteccion-de-la-sierra-de-lujar-ahora\/","url_meta":{"origin":1017,"position":0},"title":"Todos se apuntan a la protecci\u00f3n de la Sierra de L\u00fajar. Ahora.","author":"Izquierda Unida Motril","date":"16 julio, 2015","format":false,"excerpt":"Izquierda Unida rechaza con rotundidad que determinadas organizaciones e instituciones pol\u00edticas y sus representantes se apunten a la protecci\u00f3n de la Sierra de L\u00fajar cuando hasta ahora no han tenido el menor inter\u00e9s, han deso\u00eddo las demandas de las asociaciones o han actuado con tibieza ante este asunto. Despreciamos de\u2026","rel":"","context":"En \u00abSin categor\u00eda\u00bb","block_context":{"text":"Sin categor\u00eda","link":"https:\/\/iumotril.org\/sitio\/category\/sin-categoria\/"},"img":{"alt_text":"Sierra lujar","src":"https:\/\/i0.wp.com\/iumotril.org\/sitio\/wp-content\/uploads\/2015\/07\/Sierra-lujar-300x199.jpg?resize=350%2C200","width":350,"height":200},"classes":[]},{"id":769,"url":"https:\/\/iumotril.org\/sitio\/una-ciudad-mas-sostenible-y-con-mas-energias-renovables\/","url_meta":{"origin":1017,"position":1},"title":"Una ciudad m\u00e1s sostenible y con m\u00e1s energ\u00edas renovables","author":"Izquierda Unida Motril","date":"19 mayo, 2015","format":false,"excerpt":"Daniela ha destacado las principales actuaciones que Izquierda Unida llevar\u00e1 a cabo desde el Ayuntamiento de Motril, adem\u00e1s de la ampliaci\u00f3n de la Charca de Su\u00e1rez: la persecuci\u00f3n de los vertidos ilegales de escombros, la construcci\u00f3n de una gran red de senderos comarcal y la protecci\u00f3n de la playa de\u2026","rel":"","context":"En \u00abMunicipales 2015\u00bb","block_context":{"text":"Municipales 2015","link":"https:\/\/iumotril.org\/sitio\/category\/municipales-2015\/"},"img":{"alt_text":"Protegeremos la Charca de Suarez","src":"https:\/\/i0.wp.com\/iumotril.org\/sitio\/wp-content\/uploads\/2015\/05\/Protegeremos-la-Charca-de-Suarez-300x176.jpg?resize=350%2C200","width":350,"height":200},"classes":[]},{"id":1122,"url":"https:\/\/iumotril.org\/sitio\/motril-libre-de-desahucios\/","url_meta":{"origin":1017,"position":2},"title":"Motril libre de desahucios","author":"Izquierda Unida Motril","date":"28 julio, 2015","format":false,"excerpt":"Las medidas centrales que contempla la Propuesta de Declaraci\u00f3n de Motril municipio libre de desahucios se articulan en torno a dos ejes: la creaci\u00f3n de una Oficina antidesahucios que recoja el compromiso del Ayuntamiento de Motril de emprender las actuaciones necesarias para garantizar el derecho a la vivienda de la\u2026","rel":"","context":"En \u00abAyuntamiento\u00bb","block_context":{"text":"Ayuntamiento","link":"https:\/\/iumotril.org\/sitio\/category\/ayuntamiento\/"},"img":{"alt_text":"FullSizeRender (1)","src":"https:\/\/i0.wp.com\/iumotril.org\/sitio\/wp-content\/uploads\/2015\/07\/FullSizeRender-1-225x300.jpg?resize=350%2C200","width":350,"height":200},"classes":[]},{"id":9032,"url":"https:\/\/iumotril.org\/sitio\/la-asociacion-14-de-abril-izquierda-unida-y-verdes-equo-organizan-en-motril-diversas-actividades-de-homenaje-a-la-republica\/","url_meta":{"origin":1017,"position":3},"title":"La Asociaci\u00f3n 14 de Abril, Izquierda Unida y Verdes Equo, organizan en Motril  diversas actividades de homenaje a la Rep\u00fablica","author":"Izquierda Unida Motril","date":"14 abril, 2023","format":false,"excerpt":"El acto, al que se convoca a todos los motrile\u00f1os y motrile\u00f1as, dar\u00e1 comienzo a las seis de la tarde a la entrada del cementerio de Motril. Tras la realizaci\u00f3n del acto en el cementerio, a las 20 horas, tendr\u00e1 lugar en el Museo Hern\u00e1ndez Quero (calle Ruiz) la conferencia\u2026","rel":"","context":"En \u00abEST\u00c1 PASANDO\u00bb","block_context":{"text":"EST\u00c1 PASANDO","link":"https:\/\/iumotril.org\/sitio\/category\/esta-pasando\/"},"img":{"alt_text":"","src":"https:\/\/i0.wp.com\/iumotril.org\/sitio\/wp-content\/uploads\/2023\/04\/Proclamacion-14-Abril.jpg?resize=350%2C200&ssl=1","width":350,"height":200,"srcset":"https:\/\/i0.wp.com\/iumotril.org\/sitio\/wp-content\/uploads\/2023\/04\/Proclamacion-14-Abril.jpg?resize=350%2C200&ssl=1 1x, https:\/\/i0.wp.com\/iumotril.org\/sitio\/wp-content\/uploads\/2023\/04\/Proclamacion-14-Abril.jpg?resize=525%2C300&ssl=1 1.5x, https:\/\/i0.wp.com\/iumotril.org\/sitio\/wp-content\/uploads\/2023\/04\/Proclamacion-14-Abril.jpg?resize=700%2C400&ssl=1 2x"},"classes":[]},{"id":9920,"url":"https:\/\/iumotril.org\/sitio\/recuerdo-homenaje-y-reivindicacion-de-la-republica-en-motril\/","url_meta":{"origin":1017,"position":4},"title":"Recuerdo, homenaje y reivindicaci\u00f3n de la Rep\u00fablica en Motril","author":"Izquierda Unida Motril","date":"11 abril, 2024","format":false,"excerpt":"El s\u00e1bado, a las 10 horas, desde Lagos, saldr\u00e1 el grupo que emprender\u00e1 la subida a la mina del piojo en la sierra de L\u00fajar, en un recorrido que les llevar\u00e1 a la entrada de la mina,\u00a0 tambi\u00e9n conocida como mina del maquis por su gran significaci\u00f3n simb\u00f3lica para la\u2026","rel":"","context":"En \u00abEST\u00c1 PASANDO\u00bb","block_context":{"text":"EST\u00c1 PASANDO","link":"https:\/\/iumotril.org\/sitio\/category\/esta-pasando\/"},"img":{"alt_text":"","src":"https:\/\/i0.wp.com\/iumotril.org\/sitio\/wp-content\/uploads\/2024\/04\/14-aBRIL-ACTOS-mOTRIL.jpg?resize=350%2C200&ssl=1","width":350,"height":200,"srcset":"https:\/\/i0.wp.com\/iumotril.org\/sitio\/wp-content\/uploads\/2024\/04\/14-aBRIL-ACTOS-mOTRIL.jpg?resize=350%2C200&ssl=1 1x, https:\/\/i0.wp.com\/iumotril.org\/sitio\/wp-content\/uploads\/2024\/04\/14-aBRIL-ACTOS-mOTRIL.jpg?resize=525%2C300&ssl=1 1.5x, https:\/\/i0.wp.com\/iumotril.org\/sitio\/wp-content\/uploads\/2024\/04\/14-aBRIL-ACTOS-mOTRIL.jpg?resize=700%2C400&ssl=1 2x, https:\/\/i0.wp.com\/iumotril.org\/sitio\/wp-content\/uploads\/2024\/04\/14-aBRIL-ACTOS-mOTRIL.jpg?resize=1050%2C600&ssl=1 3x"},"classes":[]},{"id":2649,"url":"https:\/\/iumotril.org\/sitio\/izquierda-unida-reclama-mayores-inversiones-en-infraestructuras-para-motril\/","url_meta":{"origin":1017,"position":5},"title":"IZQUIERDA UNIDA RECLAMA MAYORES INVERSIONES EN INFRAESTRUCTURAS PARA MOTRIL","author":"Izquierda Unida Motril","date":"17 enero, 2017","format":false,"excerpt":"IU-Motril ha celebrado que, por fin, la nueva estaci\u00f3n de autobuses haya entrado en funcionamiento despu\u00e9s de los reiterados anuncios e inauguraciones fantasmas que se han venido realizando durante los \u00faltimos meses con objetivos \u00fanicamente propagand\u00edsticos. No obstante, considera que Motril est\u00e1 abandonado por la Junta de Andaluc\u00eda, por la\u2026","rel":"","context":"En \u00abEST\u00c1 PASANDO\u00bb","block_context":{"text":"EST\u00c1 PASANDO","link":"https:\/\/iumotril.org\/sitio\/category\/esta-pasando\/"},"img":{"alt_text":"","src":"https:\/\/i0.wp.com\/iumotril.org\/sitio\/wp-content\/uploads\/2017\/01\/Estacion-Buses.jpg?resize=350%2C200","width":350,"height":200,"srcset":"https:\/\/i0.wp.com\/iumotril.org\/sitio\/wp-content\/uploads\/2017\/01\/Estacion-Buses.jpg?resize=350%2C200 1x, https:\/\/i0.wp.com\/iumotril.org\/sitio\/wp-content\/uploads\/2017\/01\/Estacion-Buses.jpg?resize=525%2C300 1.5x, https:\/\/i0.wp.com\/iumotril.org\/sitio\/wp-content\/uploads\/2017\/01\/Estacion-Buses.jpg?resize=700%2C400 2x"},"classes":[]}],"jetpack_likes_enabled":true,"_links":{"self":[{"href":"https:\/\/iumotril.org\/sitio\/wp-json\/wp\/v2\/posts\/1017","targetHints":{"allow":["GET"]}}],"collection":[{"href":"https:\/\/iumotril.org\/sitio\/wp-json\/wp\/v2\/posts"}],"about":[{"href":"https:\/\/iumotril.org\/sitio\/wp-json\/wp\/v2\/types\/post"}],"author":[{"embeddable":true,"href":"https:\/\/iumotril.org\/sitio\/wp-json\/wp\/v2\/users\/1"}],"replies":[{"embeddable":true,"href":"https:\/\/iumotril.org\/sitio\/wp-json\/wp\/v2\/comments?post=1017"}],"version-history":[{"count":5,"href":"https:\/\/iumotril.org\/sitio\/wp-json\/wp\/v2\/posts\/1017\/revisions"}],"predecessor-version":[{"id":1030,"href":"https:\/\/iumotril.org\/sitio\/wp-json\/wp\/v2\/posts\/1017\/revisions\/1030"}],"wp:attachment":[{"href":"https:\/\/iumotril.org\/sitio\/wp-json\/wp\/v2\/media?parent=1017"}],"wp:term":[{"taxonomy":"category","embeddable":true,"href":"https:\/\/iumotril.org\/sitio\/wp-json\/wp\/v2\/categories?post=1017"},{"taxonomy":"post_tag","embeddable":true,"href":"https:\/\/iumotril.org\/sitio\/wp-json\/wp\/v2\/tags?post=1017"}],"curies":[{"name":"wp","href":"https:\/\/api.w.org\/{rel}","templated":true}]}}