{"id":10082,"date":"2024-07-24T12:48:13","date_gmt":"2024-07-24T10:48:13","guid":{"rendered":"https:\/\/iumotril.org\/sitio\/?p=10082"},"modified":"2024-07-24T12:48:13","modified_gmt":"2024-07-24T10:48:13","slug":"iu-verdes-equo-reitera-su-exigencia-a-garcia-chamorro-de-que-renuncie-a-la-alcaldia-de-motril","status":"publish","type":"post","link":"https:\/\/iumotril.org\/sitio\/iu-verdes-equo-reitera-su-exigencia-a-garcia-chamorro-de-que-renuncie-a-la-alcaldia-de-motril\/","title":{"rendered":"IU Verdes Equo reitera su exigencia a Garc\u00eda Chamorro de que renuncie a la alcald\u00eda de Motril"},"content":{"rendered":"<h3><span style=\"color: #993300;\">Tras conocerse que el juzgado de instrucci\u00f3n n\u00ba3 de Motril se\u00f1ala que ella orden\u00f3 pagar la multa con dinero p\u00fablico y la sit\u00faa como \u00fanica investigada en la causa abierta por un presunto delito de malversaci\u00f3n de caudales p\u00fablicos, el Grupo Municipal de IU Verdes Equo ha reiterada su petici\u00f3n de dimisi\u00f3n a la alcaldesa de Motril.<\/span><\/h3>\n<p>Critica que, casi <strong>tres a\u00f1os despu\u00e9s de la denuncia de la Fiscal\u00eda<\/strong>, no se haya resuelto el procedimiento debido, en gran medida, a que la defensa de Garc\u00eda Chamorro ha hecho todo lo posible para dilatar la instrucci\u00f3n y evitar llegar a juicio. Y lo sigue haciendo, ya que, tras conocerse el auto de la jueza, <strong>ha anunciado la presentaci\u00f3n de un nuevo recurso de reforma contra el auto<\/strong> de incoaci\u00f3n de este procedimiento.<\/p>\n<p>Mientras tanto, Garc\u00eda Chamorro sigue al frente del Ayuntamiento que dispone de un presupuesto para 2024 de m\u00e1s de 64,7 millones de euros.<\/p>\n<figure id=\"attachment_10077\" aria-describedby=\"caption-attachment-10077\" style=\"width: 476px\" class=\"wp-caption alignleft\"><img loading=\"lazy\" decoding=\"async\" data-attachment-id=\"10077\" data-permalink=\"https:\/\/iumotril.org\/sitio\/iu-verdes-equo-reitera-su-exigencia-a-garcia-chamorro-de-que-renuncie-a-la-alcaldia-de-motril\/rp-23-julio\/\" data-orig-file=\"https:\/\/iumotril.org\/sitio\/wp-content\/uploads\/2024\/07\/RP-23-julio-scaled.jpg\" data-orig-size=\"1920,2560\" data-comments-opened=\"1\" data-image-meta=\"{&quot;aperture&quot;:&quot;2.4&quot;,&quot;credit&quot;:&quot;&quot;,&quot;camera&quot;:&quot;iPhone 12&quot;,&quot;caption&quot;:&quot;&quot;,&quot;created_timestamp&quot;:&quot;1721737882&quot;,&quot;copyright&quot;:&quot;&quot;,&quot;focal_length&quot;:&quot;1.55&quot;,&quot;iso&quot;:&quot;160&quot;,&quot;shutter_speed&quot;:&quot;0.01&quot;,&quot;title&quot;:&quot;&quot;,&quot;orientation&quot;:&quot;1&quot;}\" data-image-title=\"RP 23 julio\" data-image-description=\"\" data-image-caption=\"\" data-large-file=\"https:\/\/iumotril.org\/sitio\/wp-content\/uploads\/2024\/07\/RP-23-julio-768x1024.jpg\" class=\"wp-image-10077\" src=\"https:\/\/iumotril.org\/sitio\/wp-content\/uploads\/2024\/07\/RP-23-julio-225x300.jpg\" alt=\"\" width=\"476\" height=\"634\" srcset=\"https:\/\/iumotril.org\/sitio\/wp-content\/uploads\/2024\/07\/RP-23-julio-225x300.jpg 225w, https:\/\/iumotril.org\/sitio\/wp-content\/uploads\/2024\/07\/RP-23-julio-768x1024.jpg 768w, https:\/\/iumotril.org\/sitio\/wp-content\/uploads\/2024\/07\/RP-23-julio-1152x1536.jpg 1152w, https:\/\/iumotril.org\/sitio\/wp-content\/uploads\/2024\/07\/RP-23-julio-1536x2048.jpg 1536w, https:\/\/iumotril.org\/sitio\/wp-content\/uploads\/2024\/07\/RP-23-julio-scaled.jpg 1920w\" sizes=\"auto, (max-width: 476px) 100vw, 476px\" \/><figcaption id=\"caption-attachment-10077\" class=\"wp-caption-text\">Jose G. Llorente e Inma Omiste, portavoces municipales de IU Verdes Equo<\/figcaption><\/figure>\n<p><strong>Es dif\u00edcil entender<\/strong> que lleve tanto tiempo determinar la responsabilidad de la alcaldesa en la utilizaci\u00f3n de dinero p\u00fablico porque el asunto, para el com\u00fan de los mortales, es bastante claro, ha apuntado su portavoz municipal, el concejal Jose G. Llorente, que lo ha resumido.<\/p>\n<p>Garc\u00eda Chamorro utiliza dinero de su Grupo Municipal, que procede de los <strong>fondos que le ingresa el ayuntamiento<\/strong>, para pagar una <strong>multa particular<\/strong> que se le impone a ella por una condena judicial a su persona.<\/p>\n<p>El dinero no es del partido, n<strong>o procede de las cuotas o aportaciones de los afiliados del PP de Motril<\/strong>. El dinero procede de las arcas municipales, que se nutren de los impuestos que ingresan los vecinos y vecinas de Motril.<\/p>\n<p>En este sentido, <strong>tanto la Intervenci\u00f3n municipal como de la Diputaci\u00f3n de Granada determinaron el car\u00e1cter p\u00fablico de los fondos del Grupo municipal,<\/strong> ya que proceden de asignaciones del ayuntamiento de Motril.<\/p>\n<p>Seg\u00fan el edil de la formaci\u00f3n, <strong>no deja de ser llamativo que este proceso se est\u00e9 dilatando de esta forma en el tiempo<\/strong>, cuando estamos asistiendo a otras actuaciones judiciales que se est\u00e1n resolviendo con una celeridad inusitada. En tres meses de instrucci\u00f3n, un juez ha citado a declarar a numerosos testigos, incluido el presidente del gobierno, y adoptado numerosas resoluciones y providencias por <strong>una denuncia presentada por una organizaci\u00f3n mafiosa, partidos de la ultraderecha\u00a0 y sectas religiosas.<\/strong><\/p>\n<p>Sin embargo, en tres a\u00f1os, tras una denuncia de la Fiscal\u00eda, un juzgado de Motril no ha concluido a\u00fan la investigaci\u00f3n por el presunto delito de <strong>malversaci\u00f3n del dinero de los motrile\u00f1os y motrile\u00f1as.<\/strong><\/p>\n<p>Desde el Grupo municipal han manifestado su acuerdo con que la jueza haya sobrese\u00eddo en su auto la causa contra la secretaria del Grupo municipal y la concejala entonces tesorera del Grupo, al resultar acreditado que<strong> habr\u00eda sido la propia Garc\u00eda Chamorro quien orden\u00f3 la ejecuci\u00f3n de las transferencias bancarias<\/strong> sin que las otras investigadas tuvieran intervenci\u00f3n en la decisi\u00f3n ni capacidad para cuestionar su materializaci\u00f3n, pues las transferencias eran ordenadas por quien ostentaba la direcci\u00f3n del partido y amplias facultades de administraci\u00f3n y decisi\u00f3n sobre el dinero existente en la cuenta corriente de dicho Grupo Municipal procedente de los presupuestos del Ayuntamiento<\/p>\n<p>Garc\u00eda Llorente <strong>ha vuelto a reiterar la petici\u00f3n de dimisi\u00f3n de la alcaldesa de Motril<\/strong>. Por decencia pol\u00edtica, por respeto a la ciudad, a sus vecinos y vecinas, Garc\u00eda Chamorro debe dimitir, sin mayor dilaci\u00f3n y abandonar su responsabilidad como m\u00e1xima edil de la ciudad, ha declarado.<\/p>\n","protected":false},"excerpt":{"rendered":"<p>Seg\u00fan el edil de la formaci\u00f3n, no deja de ser llamativo que este proceso se est\u00e9 dilatando de esta forma en el tiempo, cuando estamos asistiendo a otras actuaciones judiciales que se est\u00e1n resolviendo con una celeridad inusitada. En tres meses de instrucci\u00f3n, un juez ha citado a declarar a numerosos testigos, incluido el presidente del gobierno, y adoptado numerosas resoluciones y providencias por una denuncia presentada por una organizaci\u00f3n mafiosa, partidos de la ultraderecha\u00a0 y sectas religiosas.<br \/>\nSin embargo, en tres a\u00f1os, tras una denuncia de la Fiscal\u00eda, un juzgado de Motril no ha concluido a\u00fan la investigaci\u00f3n por el presunto delito de malversaci\u00f3n del dinero de los motrile\u00f1os y motrile\u00f1as.<br \/>\nDesde el Grupo municipal han manifestado su acuerdo con que la jueza haya sobrese\u00eddo en su auto la causa contra la secretaria del Grupo municipal y la concejala entonces tesorera del Grupo, al resultar acreditado que habr\u00eda sido la propia Garc\u00eda Chamorro quien orden\u00f3 la ejecuci\u00f3n de las transferencias bancarias sin que las otras investigadas tuvieran intervenci\u00f3n en la decisi\u00f3n ni capacidad para cuestionar su materializaci\u00f3n, pues las transferencias eran ordenadas por quien ostentaba la direcci\u00f3n del partido y amplias facultades de administraci\u00f3n y decisi\u00f3n sobre el dinero existente en la cuenta corriente de dicho Grupo Municipal procedente de los presupuestos del Ayuntamiento<br \/>\nGarc\u00eda Llorente ha vuelto a reiterar la petici\u00f3n de dimisi\u00f3n de la alcaldesa de Motril. Por decencia pol\u00edtica, por respeto a la ciudad, a sus vecinos y vecinas, Garc\u00eda Chamorro debe dimitir, sin mayor dilaci\u00f3n y abandonar su responsabilidad como m\u00e1xima edil de la ciudad, ha declarado.<\/p>\n","protected":false},"author":1,"featured_media":9974,"comment_status":"open","ping_status":"open","sticky":false,"template":"","format":"standard","meta":{"cybocfi_hide_featured_image":"","_jetpack_newsletter_access":"","_jetpack_dont_email_post_to_subs":false,"_jetpack_newsletter_tier_id":0,"_jetpack_memberships_contains_paywalled_content":false,"_jetpack_memberships_contains_paid_content":false,"footnotes":""},"categories":[7,265],"tags":[73,715,2169,371,2168,1721,1697],"class_list":["post-10082","post","type-post","status-publish","format-standard","has-post-thumbnail","hentry","category-ayuntamiento","category-esta-pasando","tag-corrupcion","tag-dimision","tag-juez-peinado","tag-justicia","tag-juzgado-de-instruccion-motril","tag-luisa-g-chamorro","tag-malversacion"],"jetpack_featured_media_url":"https:\/\/iumotril.org\/sitio\/wp-content\/uploads\/2024\/06\/Luisa-debe-dimitir-2.jpg","jetpack_sharing_enabled":false,"jetpack_shortlink":"https:\/\/wp.me\/p4QsU5-2CC","jetpack-related-posts":[{"id":7988,"url":"https:\/\/iumotril.org\/sitio\/iu-equo-exige-la-dimision-inmediata-de-la-alcaldesa-de-motril-al-apreciar-la-fiscalia-la-comision-de-un-delito-continuado-de-malversacion-de-caudales-publicos\/","url_meta":{"origin":10082,"position":0},"title":"IU-Equo exige la dimisi\u00f3n inmediata de la alcaldesa de Motril al apreciar la Fiscal\u00eda la comisi\u00f3n de un delito continuado de malversaci\u00f3n de caudales p\u00fablicos","author":"Izquierda Unida Motril","date":"15 febrero, 2022","format":false,"excerpt":"IU-Equo considera que Luisa Garc\u00eda Chamorro no puede continuar \u201cni un minuto m\u00e1s\u201d al frente de la alcald\u00eda de Motril tras se\u00f1alar la Fiscal\u00eda que indiciariamente \u201corden\u00f3 en su beneficio la realizaci\u00f3n de transferencias por valor total de 4.600 euros de la cuenta del Grupo municipal del PP de Motril\u2026","rel":"","context":"En \u00abAyuntamiento\u00bb","block_context":{"text":"Ayuntamiento","link":"https:\/\/iumotril.org\/sitio\/category\/ayuntamiento\/"},"img":{"alt_text":"","src":"https:\/\/i0.wp.com\/iumotril.org\/sitio\/wp-content\/uploads\/2022\/01\/IMG-4246-scaled.jpg?resize=350%2C200","width":350,"height":200,"srcset":"https:\/\/i0.wp.com\/iumotril.org\/sitio\/wp-content\/uploads\/2022\/01\/IMG-4246-scaled.jpg?resize=350%2C200 1x, https:\/\/i0.wp.com\/iumotril.org\/sitio\/wp-content\/uploads\/2022\/01\/IMG-4246-scaled.jpg?resize=525%2C300 1.5x, https:\/\/i0.wp.com\/iumotril.org\/sitio\/wp-content\/uploads\/2022\/01\/IMG-4246-scaled.jpg?resize=700%2C400 2x, https:\/\/i0.wp.com\/iumotril.org\/sitio\/wp-content\/uploads\/2022\/01\/IMG-4246-scaled.jpg?resize=1050%2C600 3x, https:\/\/i0.wp.com\/iumotril.org\/sitio\/wp-content\/uploads\/2022\/01\/IMG-4246-scaled.jpg?resize=1400%2C800 4x"},"classes":[]},{"id":9017,"url":"https:\/\/iumotril.org\/sitio\/iu-equo-reclama-a-luisa-g-chamorro-que-deje-la-alcaldia-por-respeto-y-consideracion-con-los-motrilenos-y-con-los-granadinos\/","url_meta":{"origin":10082,"position":1},"title":"IU-Equo  reclama a Luisa G. Chamorro que deje la alcald\u00eda por respeto y consideraci\u00f3n con los motrile\u00f1os y con los granadinos","author":"Izquierda Unida Motril","date":"6 abril, 2023","format":false,"excerpt":"Desde IU-Equo se consideran sumamente graves los hechos ahora desvelados tras conocerse un informe de la Intervenci\u00f3n de la Diputaci\u00f3n de Granada que acredita que la alcaldesa de Motril no solo cobr\u00f3 dinero p\u00fablico procedente del Consistorio que dirige para pagar una condena por injurias, sino que, tambi\u00e9n, percibi\u00f3 fondos\u2026","rel":"","context":"En \u00abdenuncia\u00bb","block_context":{"text":"denuncia","link":"https:\/\/iumotril.org\/sitio\/category\/denuncia\/"},"img":{"alt_text":"","src":"https:\/\/i0.wp.com\/iumotril.org\/sitio\/wp-content\/uploads\/2023\/04\/Luisa-y-Juanma.jpg?resize=350%2C200&ssl=1","width":350,"height":200,"srcset":"https:\/\/i0.wp.com\/iumotril.org\/sitio\/wp-content\/uploads\/2023\/04\/Luisa-y-Juanma.jpg?resize=350%2C200&ssl=1 1x, https:\/\/i0.wp.com\/iumotril.org\/sitio\/wp-content\/uploads\/2023\/04\/Luisa-y-Juanma.jpg?resize=525%2C300&ssl=1 1.5x, https:\/\/i0.wp.com\/iumotril.org\/sitio\/wp-content\/uploads\/2023\/04\/Luisa-y-Juanma.jpg?resize=700%2C400&ssl=1 2x, https:\/\/i0.wp.com\/iumotril.org\/sitio\/wp-content\/uploads\/2023\/04\/Luisa-y-Juanma.jpg?resize=1050%2C600&ssl=1 3x"},"classes":[]},{"id":10798,"url":"https:\/\/iumotril.org\/sitio\/celebramos-que-se-avance-en-el-procesamiento-de-la-alcaldesa-de-motril\/","url_meta":{"origin":10082,"position":2},"title":"Celebramos que se avance en el procesamiento de la alcaldesa de Motril","author":"Izquierda Unida Motril","date":"26 septiembre, 2025","format":false,"excerpt":"Este procedimiento es un paso m\u00e1s en la investigaci\u00f3n que se est\u00e1 realizando en la causa por malversaci\u00f3n de caudales p\u00fablicos que hay contra la popular y que dar\u00e1 paso a un auto de hechos justificables, al escrito de acusaci\u00f3n y finalmente, si todo sigue el camino marcado, a la\u2026","rel":"","context":"En \u00abAyuntamiento\u00bb","block_context":{"text":"Ayuntamiento","link":"https:\/\/iumotril.org\/sitio\/category\/ayuntamiento\/"},"img":{"alt_text":"","src":"https:\/\/i0.wp.com\/iumotril.org\/sitio\/wp-content\/uploads\/2023\/04\/Luisa-y-Juanma.jpg?resize=350%2C200&ssl=1","width":350,"height":200,"srcset":"https:\/\/i0.wp.com\/iumotril.org\/sitio\/wp-content\/uploads\/2023\/04\/Luisa-y-Juanma.jpg?resize=350%2C200&ssl=1 1x, https:\/\/i0.wp.com\/iumotril.org\/sitio\/wp-content\/uploads\/2023\/04\/Luisa-y-Juanma.jpg?resize=525%2C300&ssl=1 1.5x, https:\/\/i0.wp.com\/iumotril.org\/sitio\/wp-content\/uploads\/2023\/04\/Luisa-y-Juanma.jpg?resize=700%2C400&ssl=1 2x, https:\/\/i0.wp.com\/iumotril.org\/sitio\/wp-content\/uploads\/2023\/04\/Luisa-y-Juanma.jpg?resize=1050%2C600&ssl=1 3x"},"classes":[]},{"id":7998,"url":"https:\/\/iumotril.org\/sitio\/la-negativa-a-dimitir-de-garcia-chamorro-es-un-desprecio-a-las-instituciones-y-a-la-honestidad-exigible-a-los-responsables-publicos\/","url_meta":{"origin":10082,"position":3},"title":"La negativa a dimitir de Garc\u00eda Chamorro es un desprecio a las instituciones y a la honestidad exigible a los responsables p\u00fablicos","author":"Izquierda Unida Motril","date":"17 febrero, 2022","format":false,"excerpt":"La permanencia de Garc\u00eda Chamorro al frente de la alcald\u00eda de Motril traslada un indeseable mensaje a los vecinos y a las vecinas de Motril de que \u201ctodo vale\u201d, aunque se haya actuado en beneficio particular. Se contribuye de este modo al descr\u00e9dito de la actividad pol\u00edtica y a la\u2026","rel":"","context":"En \u00abAyuntamiento\u00bb","block_context":{"text":"Ayuntamiento","link":"https:\/\/iumotril.org\/sitio\/category\/ayuntamiento\/"},"img":{"alt_text":"","src":"https:\/\/i0.wp.com\/iumotril.org\/sitio\/wp-content\/uploads\/2022\/02\/916cedc7-c759-4adf-8f6d-4c7ed66380b4.jpg?resize=350%2C200","width":350,"height":200,"srcset":"https:\/\/i0.wp.com\/iumotril.org\/sitio\/wp-content\/uploads\/2022\/02\/916cedc7-c759-4adf-8f6d-4c7ed66380b4.jpg?resize=350%2C200 1x, https:\/\/i0.wp.com\/iumotril.org\/sitio\/wp-content\/uploads\/2022\/02\/916cedc7-c759-4adf-8f6d-4c7ed66380b4.jpg?resize=525%2C300 1.5x, https:\/\/i0.wp.com\/iumotril.org\/sitio\/wp-content\/uploads\/2022\/02\/916cedc7-c759-4adf-8f6d-4c7ed66380b4.jpg?resize=700%2C400 2x"},"classes":[]},{"id":9976,"url":"https:\/\/iumotril.org\/sitio\/garcia-chamorro-falta-a-la-verdad-acerca-de-su-imputacion-por-un-presunto-delito-de-malversacion-de-caudales-publicos\/","url_meta":{"origin":10082,"position":4},"title":"Garc\u00eda Chamorro falta a la verdad acerca de su imputaci\u00f3n por un presunto delito de malversaci\u00f3n de caudales p\u00fablicos","author":"Izquierda Unida Motril","date":"5 junio, 2024","format":false,"excerpt":"Lo cierto y verdad es que, dos a\u00f1os y medio despu\u00e9s de que la Fiscal\u00eda presentara denuncia contra Luisa Garc\u00eda Chamorro por un presunto delito de malversaci\u00f3n de caudales p\u00fablicos, el Juzgado de Instrucci\u00f3n n\u00famero 3 la ha citado a declarar el pr\u00f3ximo 19 de junio en calidad de imputada\u2026","rel":"","context":"En \u00abAyuntamiento\u00bb","block_context":{"text":"Ayuntamiento","link":"https:\/\/iumotril.org\/sitio\/category\/ayuntamiento\/"},"img":{"alt_text":"","src":"https:\/\/i0.wp.com\/iumotril.org\/sitio\/wp-content\/uploads\/2024\/06\/09-junio-23-Gobierno-ciudad-1.jpeg?resize=350%2C200&ssl=1","width":350,"height":200,"srcset":"https:\/\/i0.wp.com\/iumotril.org\/sitio\/wp-content\/uploads\/2024\/06\/09-junio-23-Gobierno-ciudad-1.jpeg?resize=350%2C200&ssl=1 1x, https:\/\/i0.wp.com\/iumotril.org\/sitio\/wp-content\/uploads\/2024\/06\/09-junio-23-Gobierno-ciudad-1.jpeg?resize=525%2C300&ssl=1 1.5x, https:\/\/i0.wp.com\/iumotril.org\/sitio\/wp-content\/uploads\/2024\/06\/09-junio-23-Gobierno-ciudad-1.jpeg?resize=700%2C400&ssl=1 2x, https:\/\/i0.wp.com\/iumotril.org\/sitio\/wp-content\/uploads\/2024\/06\/09-junio-23-Gobierno-ciudad-1.jpeg?resize=1050%2C600&ssl=1 3x, https:\/\/i0.wp.com\/iumotril.org\/sitio\/wp-content\/uploads\/2024\/06\/09-junio-23-Gobierno-ciudad-1.jpeg?resize=1400%2C800&ssl=1 4x"},"classes":[]},{"id":9971,"url":"https:\/\/iumotril.org\/sitio\/luisa-debe-dimitir\/","url_meta":{"origin":10082,"position":5},"title":"Luisa debe dimitir","author":"Izquierda Unida Motril","date":"4 junio, 2024","format":false,"excerpt":"la justicia considera \u201cveros\u00edmil\u201d que la alcaldesa recibi\u00f3 en sus cuentas particulares diversos abonos de cantidades desde su Grupo municipal en el Ayuntamiento de Motril y desde su Grupo pol\u00edtico en la Diputaci\u00f3n de Granada, un dinero p\u00fablico que utiliz\u00f3, en parte, para el pago de una multa impuesta por\u2026","rel":"","context":"En \u00abAyuntamiento\u00bb","block_context":{"text":"Ayuntamiento","link":"https:\/\/iumotril.org\/sitio\/category\/ayuntamiento\/"},"img":{"alt_text":"","src":"https:\/\/i0.wp.com\/iumotril.org\/sitio\/wp-content\/uploads\/2024\/06\/Luisa-debe-dimitir-2.jpg?resize=350%2C200&ssl=1","width":350,"height":200,"srcset":"https:\/\/i0.wp.com\/iumotril.org\/sitio\/wp-content\/uploads\/2024\/06\/Luisa-debe-dimitir-2.jpg?resize=350%2C200&ssl=1 1x, https:\/\/i0.wp.com\/iumotril.org\/sitio\/wp-content\/uploads\/2024\/06\/Luisa-debe-dimitir-2.jpg?resize=525%2C300&ssl=1 1.5x, https:\/\/i0.wp.com\/iumotril.org\/sitio\/wp-content\/uploads\/2024\/06\/Luisa-debe-dimitir-2.jpg?resize=700%2C400&ssl=1 2x"},"classes":[]}],"jetpack_likes_enabled":true,"_links":{"self":[{"href":"https:\/\/iumotril.org\/sitio\/wp-json\/wp\/v2\/posts\/10082","targetHints":{"allow":["GET"]}}],"collection":[{"href":"https:\/\/iumotril.org\/sitio\/wp-json\/wp\/v2\/posts"}],"about":[{"href":"https:\/\/iumotril.org\/sitio\/wp-json\/wp\/v2\/types\/post"}],"author":[{"embeddable":true,"href":"https:\/\/iumotril.org\/sitio\/wp-json\/wp\/v2\/users\/1"}],"replies":[{"embeddable":true,"href":"https:\/\/iumotril.org\/sitio\/wp-json\/wp\/v2\/comments?post=10082"}],"version-history":[{"count":7,"href":"https:\/\/iumotril.org\/sitio\/wp-json\/wp\/v2\/posts\/10082\/revisions"}],"predecessor-version":[{"id":10090,"href":"https:\/\/iumotril.org\/sitio\/wp-json\/wp\/v2\/posts\/10082\/revisions\/10090"}],"wp:featuredmedia":[{"embeddable":true,"href":"https:\/\/iumotril.org\/sitio\/wp-json\/wp\/v2\/media\/9974"}],"wp:attachment":[{"href":"https:\/\/iumotril.org\/sitio\/wp-json\/wp\/v2\/media?parent=10082"}],"wp:term":[{"taxonomy":"category","embeddable":true,"href":"https:\/\/iumotril.org\/sitio\/wp-json\/wp\/v2\/categories?post=10082"},{"taxonomy":"post_tag","embeddable":true,"href":"https:\/\/iumotril.org\/sitio\/wp-json\/wp\/v2\/tags?post=10082"}],"curies":[{"name":"wp","href":"https:\/\/api.w.org\/{rel}","templated":true}]}}