{"id":10045,"date":"2024-07-04T12:30:47","date_gmt":"2024-07-04T10:30:47","guid":{"rendered":"https:\/\/iumotril.org\/sitio\/?p=10045"},"modified":"2024-07-04T12:40:16","modified_gmt":"2024-07-04T10:40:16","slug":"vecinos-de-varadero-y-santa-adela-reclaman-apoyo-para-la-solucion-de-los-problemas-de-polucion-atmosferica-y-acustica-creados-por-el-puerto-de-motril","status":"publish","type":"post","link":"https:\/\/iumotril.org\/sitio\/vecinos-de-varadero-y-santa-adela-reclaman-apoyo-para-la-solucion-de-los-problemas-de-polucion-atmosferica-y-acustica-creados-por-el-puerto-de-motril\/","title":{"rendered":"Vecinos de Varadero y Santa Adela reclaman apoyo para la soluci\u00f3n de los problemas de poluci\u00f3n atmosf\u00e9rica y ac\u00fastica creados por el Puerto de Motril"},"content":{"rendered":"<h3><span style=\"font-weight: 400; color: #993300;\">M\u00e1s de cuatrocientos vecinos y vecinas han registrado un escrito dirigido a la alcaldesa de Motril en el que denuncian el \u201colvido\u201d del Ayuntamiento hacia estos barrios en materias como mobiliario urbano, limpieza, cultura y deporte, as\u00ed como en seguridad ciudadana.<\/span><\/h3>\n<p><span style=\"font-weight: 400; color: #000000;\">La recogida de firmas se ha llevado a cabo por iniciativa de la <strong>asociaci\u00f3n de vecinos Las Azucenas de Varadero<\/strong>, contando con el apoyo de todos los grupos municipales salvo de los del Partido Popular y del PMAS, que conforman el gobierno local de la ciudad.<\/span><\/p>\n<p><span style=\"font-weight: 400;\">Desde IU Verdes Equo se ha manifestado reiteradamente su apoyo a las demandas vecinales, que se ha concretado con la presentaci\u00f3n de diferentes<strong> iniciativas y propuestas<\/strong> al pleno, que han sido rechazadas por la<strong> mayor\u00eda absoluta del gobierno municipal<\/strong>.<\/span><\/p>\n<p><span style=\"font-weight: 400;\">En el \u00faltimo pleno\u00a0 d\u00eda 2 de julio, <strong>Partido Popular y PMAS votaron en contra de la moci\u00f3n<\/strong> de la coalici\u00f3n de izquierdas en la que instaba al Ayuntamiento a<strong> rechazar la instalaci\u00f3n de una planta de almacenamiento de productos qu\u00edmicos y aceites en la terminal portuaria, en las proximidades de las viviendas del barrio<\/strong> y a reclamar a la Autoridad Portuaria una ubicaci\u00f3n alternativa m\u00e1s alejada de las zonas residenciales.<\/span><\/p>\n<p><span style=\"font-weight: 400;\">Entre otros motivos, los responsables del gobierno municipal destacaron la importancia de la actividad portuaria para la ciudad y los barrios marineros en t\u00e9rminos de \u201ccreaci\u00f3n de riqueza y generaci\u00f3n de puestos de trabajo\u201d, minimizando los riesgos objetivos para la salud y el bienestar de vecinos y vecinas que estas instalaciones implican.<\/span><\/p>\n<p><span style=\"font-weight: 400;\">Los productos que est\u00e1 previsto almacenar en dicha planta, adem\u00e1s de aceites, son productos qu\u00edmicos como <strong>\u00e1cido sulf\u00farico, \u00e1cido n\u00edtrico, \u00e1cido fosf\u00f3rico e hidr\u00f3xido de sodio considerados, todos ellos, extremadamente da\u00f1inos para la salud en caso de accidente.\u00a0\u00a0<\/strong><\/span><\/p>\n","protected":false},"excerpt":{"rendered":"<p>Desde IU Verdes Equo se ha manifestado reiteradamente su apoyo a las demandas vecinales, que se ha concretado con la presentaci\u00f3n de diferentes iniciativas y propuestas al pleno, que han sido rechazadas por la mayor\u00eda absoluta del gobierno municipal.<br \/>\nEn el \u00faltimo pleno del \u00faltimo d\u00eda 2 de julio, Partido Popular y PMAS votaron en contra de la moci\u00f3n de la coalici\u00f3n de izquierdas en la que instaba al Ayuntamiento a rechazar la instalaci\u00f3n de una planta de almacenamiento de productos qu\u00edmicos y aceites en la terminal portuaria, en las proximidades de las viviendas del barrio y a reclamar a la Autoridad Portuaria una ubicaci\u00f3n alternativa m\u00e1s alejada de las zonas residenciales.<\/p>\n","protected":false},"author":1,"featured_media":10048,"comment_status":"open","ping_status":"open","sticky":false,"template":"","format":"standard","meta":{"cybocfi_hide_featured_image":"","_jetpack_newsletter_access":"","_jetpack_dont_email_post_to_subs":false,"_jetpack_newsletter_tier_id":0,"_jetpack_memberships_contains_paywalled_content":false,"_jetpack_memberships_contains_paid_content":false,"footnotes":""},"categories":[7,177,265,2051,22],"tags":[377,2043,2146,2052,120,193],"class_list":["post-10045","post","type-post","status-publish","format-standard","has-post-thumbnail","hentry","category-ayuntamiento","category-ciudad","category-esta-pasando","category-medio-ambiente","category-playas","tag-abandono","tag-barrios-marineros","tag-barrios-vulnerables","tag-contaminacion-ambiental","tag-santa-adela","tag-varadero"],"jetpack_featured_media_url":"https:\/\/iumotril.org\/sitio\/wp-content\/uploads\/2024\/07\/Varadero-contaminacion.jpg","jetpack_sharing_enabled":true,"jetpack_shortlink":"https:\/\/wp.me\/p4QsU5-2C1","jetpack-related-posts":[{"id":9618,"url":"https:\/\/iumotril.org\/sitio\/iu-verdes-equo-reclama-un-plan-de-actuacion-integral-en-los-barrios-de-varadero-y-santa-adela-para-su-impulso-economico-y-mejorar-las-condiciones-de-vida-de-sus-vecinos\/","url_meta":{"origin":10045,"position":0},"title":"IU Verdes Equo reclama un plan de actuaci\u00f3n integral en los barrios de Varadero y Santa Adela para su impulso econ\u00f3mico y mejorar las condiciones de vida de sus vecinos","author":"Izquierda Unida Motril","date":"24 noviembre, 2023","format":false,"excerpt":"Los barrios marineros de Motril no merecen ni han merecido en los \u00faltimos a\u00f1os la atenci\u00f3n necesaria por parte del Ayuntamiento para contribuir a su visibilidad y a mejoras en beneficio de sus vecinos y de sus vecinas, sostienen desde el Grupo municipal de IU Verdes Equo. A pesar de\u2026","rel":"","context":"En \u00abAyuntamiento\u00bb","block_context":{"text":"Ayuntamiento","link":"https:\/\/iumotril.org\/sitio\/category\/ayuntamiento\/"},"img":{"alt_text":"","src":"https:\/\/i0.wp.com\/iumotril.org\/sitio\/wp-content\/uploads\/2023\/11\/Barrios-marineros.jpg?resize=350%2C200&ssl=1","width":350,"height":200,"srcset":"https:\/\/i0.wp.com\/iumotril.org\/sitio\/wp-content\/uploads\/2023\/11\/Barrios-marineros.jpg?resize=350%2C200&ssl=1 1x, https:\/\/i0.wp.com\/iumotril.org\/sitio\/wp-content\/uploads\/2023\/11\/Barrios-marineros.jpg?resize=525%2C300&ssl=1 1.5x, https:\/\/i0.wp.com\/iumotril.org\/sitio\/wp-content\/uploads\/2023\/11\/Barrios-marineros.jpg?resize=700%2C400&ssl=1 2x"},"classes":[]},{"id":1033,"url":"https:\/\/iumotril.org\/sitio\/el-centro-de-desarrollo-turistico-la-gran-mentira-del-partido-popular-de-motril\/","url_meta":{"origin":10045,"position":1},"title":"EL CENTRO DE DESARROLLO TURISTICO, LA GRAN MENTIRA DEL PARTIDO POPULAR DE MOTRIL","author":"Izquierda Unida Motril","date":"13 julio, 2015","format":false,"excerpt":"El Centro de Desarrollo Tur\u00edstico, que ha costado m\u00e1s de 6 millones de euros, sigue sin tener ning\u00fan uso concreto meses despu\u00e9s de su inauguraci\u00f3n. Los recursos procedentes del Plan Urban para mejorar los barrios de Santa Adela y El Varadero han sido desaprovechados por la ineficiente gesti\u00f3n realizada por\u2026","rel":"","context":"En \u00abTurismo\u00bb","block_context":{"text":"Turismo","link":"https:\/\/iumotril.org\/sitio\/category\/turismo\/"},"img":{"alt_text":"urban 1","src":"https:\/\/i0.wp.com\/iumotril.org\/sitio\/wp-content\/uploads\/2015\/07\/urban-1-211x300.jpg?resize=350%2C200","width":350,"height":200},"classes":[]},{"id":1054,"url":"https:\/\/iumotril.org\/sitio\/los-vecinosas-reclaman-participacion-en-las-propuestas-de-actuacion-de-mejora-de-sus-barrios\/","url_meta":{"origin":10045,"position":2},"title":"LOS VECINOS\/AS RECLAMAN PARTICIPACI\u00d3N EN LAS PROPUESTAS DE ACTUACI\u00d3N DE MEJORA DE SUS BARRIOS","author":"Izquierda Unida Motril","date":"15 julio, 2015","format":false,"excerpt":"Los concejales del Grupo Municipal de Izquierda Unida, Daniela Paqu\u00e9, Christian Linares e Inma Omiste se reunieron ayer con un grupo de vecinos y vecinas de estos barrios en el Centro Multifuncional de El Varadero, poni\u00e9ndose a su disposici\u00f3n para trasladar al equipo de Gobierno municipal sus inquietudes y propuestas\u2026","rel":"","context":"En \u00abAyuntamiento\u00bb","block_context":{"text":"Ayuntamiento","link":"https:\/\/iumotril.org\/sitio\/category\/ayuntamiento\/"},"img":{"alt_text":"IMG-20150715-WA0007","src":"https:\/\/i0.wp.com\/iumotril.org\/sitio\/wp-content\/uploads\/2015\/07\/IMG-20150715-WA0007-300x168.jpg?resize=350%2C200","width":350,"height":200},"classes":[]},{"id":5020,"url":"https:\/\/iumotril.org\/sitio\/inma-omiste-impulsaremos-el-desarrollo-de-un-puerto-abierto-e-integrado-en-la-ciudad\/","url_meta":{"origin":10045,"position":3},"title":"Inma Omiste: Impulsaremos el desarrollo de un Puerto abierto e integrado en la ciudad","author":"Izquierda Unida Motril","date":"15 mayo, 2019","format":false,"excerpt":"El programa de gobierno de IU-Equo propone la apertura progresiva de las instalaciones del Puerto pesquero a la ciudadan\u00eda y la rehabilitaci\u00f3n integral de los barrios de Santa Adela y Varadero para dotarlos de actividad comercial y de atractivo tur\u00edstico y atajar, de ese modo, la brecha de exclusi\u00f3n social\u2026","rel":"","context":"En \u00abElecciones\u00bb","block_context":{"text":"Elecciones","link":"https:\/\/iumotril.org\/sitio\/category\/elecciones\/"},"img":{"alt_text":"","src":"https:\/\/i0.wp.com\/iumotril.org\/sitio\/wp-content\/uploads\/2019\/05\/Jose-Llorente-Daniela-Paque%CC%81-Inma-Omiste-y-Juan-Luis-Valdivieso-candidatas-IU-Equo_15-mayo-1024x683.jpg?resize=350%2C200","width":350,"height":200},"classes":[]},{"id":9253,"url":"https:\/\/iumotril.org\/sitio\/iu-verdes-equo-llevara-actuaciones-integrales-de-mejora-en-el-barrio-de-los-alamos-y-en-otros-barrios-de-la-ciudad\/","url_meta":{"origin":10045,"position":4},"title":"IU-Verdes Equo desarrollar\u00e1 actuaciones integrales de mejora en el barrio de los \u00c1lamos y en otros barrios de la ciudad","author":"Izquierda Unida Motril","date":"16 mayo, 2023","format":false,"excerpt":"La candidata de la coalici\u00f3n de izquierdas y ecologista ha informado de las actuaciones que llevar\u00e1 a cabo, adem\u00e1s de en el barrio de los \u00c1lamos, en el de Las Angustias, en Varadero, Santa Adela y en el barrio de Aviaci\u00f3n, as\u00ed como en los anejos de Carchuna-Calahonda, La Garnatilla\u2026","rel":"","context":"En \u00abElecciones\u00bb","block_context":{"text":"Elecciones","link":"https:\/\/iumotril.org\/sitio\/category\/elecciones\/"},"img":{"alt_text":"","src":"https:\/\/i0.wp.com\/iumotril.org\/sitio\/wp-content\/uploads\/2023\/05\/Los-alamos-1.jpg?resize=350%2C200&ssl=1","width":350,"height":200,"srcset":"https:\/\/i0.wp.com\/iumotril.org\/sitio\/wp-content\/uploads\/2023\/05\/Los-alamos-1.jpg?resize=350%2C200&ssl=1 1x, https:\/\/i0.wp.com\/iumotril.org\/sitio\/wp-content\/uploads\/2023\/05\/Los-alamos-1.jpg?resize=525%2C300&ssl=1 1.5x, https:\/\/i0.wp.com\/iumotril.org\/sitio\/wp-content\/uploads\/2023\/05\/Los-alamos-1.jpg?resize=700%2C400&ssl=1 2x, https:\/\/i0.wp.com\/iumotril.org\/sitio\/wp-content\/uploads\/2023\/05\/Los-alamos-1.jpg?resize=1050%2C600&ssl=1 3x"},"classes":[]},{"id":9028,"url":"https:\/\/iumotril.org\/sitio\/iu-equo-denuncia-el-mal-estado-de-los-parques-infantiles-de-la-ciudad\/","url_meta":{"origin":10045,"position":5},"title":"IU-Equo denuncia el mal estado de los parques infantiles de la ciudad","author":"Izquierda Unida Motril","date":"12 abril, 2023","format":false,"excerpt":"Inma Omiste ha reclamado un compromiso econ\u00f3mico y material del Ayuntamiento para los parques y zonas infantiles de la ciudad, que aseguren su buen estado de utilizaci\u00f3n por parte de los vecinos y vecinas de los barrios. Consideramos que los parques y las zonas verdes deben ser entendidos como espacios\u2026","rel":"","context":"En \u00abdenuncia\u00bb","block_context":{"text":"denuncia","link":"https:\/\/iumotril.org\/sitio\/category\/denuncia\/"},"img":{"alt_text":"","src":"https:\/\/i0.wp.com\/iumotril.org\/sitio\/wp-content\/uploads\/2023\/04\/Columpio-parque-scaled.jpg?resize=350%2C200&ssl=1","width":350,"height":200,"srcset":"https:\/\/i0.wp.com\/iumotril.org\/sitio\/wp-content\/uploads\/2023\/04\/Columpio-parque-scaled.jpg?resize=350%2C200&ssl=1 1x, https:\/\/i0.wp.com\/iumotril.org\/sitio\/wp-content\/uploads\/2023\/04\/Columpio-parque-scaled.jpg?resize=525%2C300&ssl=1 1.5x, https:\/\/i0.wp.com\/iumotril.org\/sitio\/wp-content\/uploads\/2023\/04\/Columpio-parque-scaled.jpg?resize=700%2C400&ssl=1 2x, https:\/\/i0.wp.com\/iumotril.org\/sitio\/wp-content\/uploads\/2023\/04\/Columpio-parque-scaled.jpg?resize=1050%2C600&ssl=1 3x, https:\/\/i0.wp.com\/iumotril.org\/sitio\/wp-content\/uploads\/2023\/04\/Columpio-parque-scaled.jpg?resize=1400%2C800&ssl=1 4x"},"classes":[]}],"jetpack_likes_enabled":true,"_links":{"self":[{"href":"https:\/\/iumotril.org\/sitio\/wp-json\/wp\/v2\/posts\/10045","targetHints":{"allow":["GET"]}}],"collection":[{"href":"https:\/\/iumotril.org\/sitio\/wp-json\/wp\/v2\/posts"}],"about":[{"href":"https:\/\/iumotril.org\/sitio\/wp-json\/wp\/v2\/types\/post"}],"author":[{"embeddable":true,"href":"https:\/\/iumotril.org\/sitio\/wp-json\/wp\/v2\/users\/1"}],"replies":[{"embeddable":true,"href":"https:\/\/iumotril.org\/sitio\/wp-json\/wp\/v2\/comments?post=10045"}],"version-history":[{"count":4,"href":"https:\/\/iumotril.org\/sitio\/wp-json\/wp\/v2\/posts\/10045\/revisions"}],"predecessor-version":[{"id":10050,"href":"https:\/\/iumotril.org\/sitio\/wp-json\/wp\/v2\/posts\/10045\/revisions\/10050"}],"wp:featuredmedia":[{"embeddable":true,"href":"https:\/\/iumotril.org\/sitio\/wp-json\/wp\/v2\/media\/10048"}],"wp:attachment":[{"href":"https:\/\/iumotril.org\/sitio\/wp-json\/wp\/v2\/media?parent=10045"}],"wp:term":[{"taxonomy":"category","embeddable":true,"href":"https:\/\/iumotril.org\/sitio\/wp-json\/wp\/v2\/categories?post=10045"},{"taxonomy":"post_tag","embeddable":true,"href":"https:\/\/iumotril.org\/sitio\/wp-json\/wp\/v2\/tags?post=10045"}],"curies":[{"name":"wp","href":"https:\/\/api.w.org\/{rel}","templated":true}]}}